{"id":286,"date":"2026-04-25T02:13:08","date_gmt":"2026-04-25T02:13:08","guid":{"rendered":"https:\/\/centrosoracionguadalupeint.com\/esp\/?p=286"},"modified":"2026-04-25T02:15:32","modified_gmt":"2026-04-25T02:15:32","slug":"buscando-mi-reconocimiento-encontre-mi-fragilidad","status":"publish","type":"post","link":"http:\/\/centrosoracionguadalupeint.com\/esp\/testimonios\/buscando-mi-reconocimiento-encontre-mi-fragilidad\/","title":{"rendered":"TESTIMONIO 1"},"content":{"rendered":"\n<h2 class=\"wp-block-heading\">BUSCANDO \u00abMI RECONOCIMIENTO\u00bb ENCONTR\u00c9 MI FRAGILIDAD<\/h2>\n\n\n\n<p>Agradezco la oportunidad que Dios me brinda para compartir este testimonio de vida.<br>Agradezco la confianza de ustedes al recibir y leer una parte muy importante de mi vida.<br>Pido la luz del Esp\u00edritu Santo para que me ilumine y para que est\u00e9 presente en cada palabra.<\/p>\n\n\n\n<p>Mi nombre es Ma. del Carmen, tengo 45 a\u00f1os y soy bendecida con el sacramento del matrimonio y por el don de la maternidad con dos hijos bellos y nobles. Vengo de una familia tradicional y soy cat\u00f3lica.<\/p>\n\n\n\n<p>Pues bien, la mayor\u00eda de las dificultades por las que he atravesado han tenido su ra\u00edz en dos cortas pero poderosas palabras: SI dicho demasiado r\u00e1pido y NO dicho demasiado tarde.<\/p>\n\n\n\n<p>De peque\u00f1a estaba muy pegada a la religi\u00f3n pero lamentablemente no por convicci\u00f3n sino por temor. En mi adolescencia oscilaba entre ser y tener y ambas me ganaron la partida. Era dif\u00edcil para m\u00ed considerar el SER en su verdadera esencia; rico en valores y sobre todo en dignidad por la gracia de ser hija de Dios. Por su parte el TENER era evidente, mostrado desde la soberbia posici\u00f3n de querer tener la raz\u00f3n hasta desear posesiones vanas y ef\u00edmeras. Para mi nublada conciencia y para mis sue\u00f1os exigentes tanto el ser como el tener buscaban el sediento, insaciable y s\u00f3rdido reconocimiento; esta triste y fr\u00eda alianza por la tendencia controladora, termin\u00f3 de golpear la fr\u00e1gil auto-estima que ten\u00eda. Toqu\u00e9 mucho fondo de dolor. Da\u00f1\u00e9 mi persona f\u00edsica, mental y espiritualmente, quedando en una devastadora desolaci\u00f3n. La fe y esperanza ya eran vagos e inaceptables recuerdos para m\u00ed. Hab\u00eda una dualidad que resolver en medio de un laberinto.<\/p>\n\n\n\n<p>Por la gran misericordia de Dios tuve ayuda psicol\u00f3gica durante muchos a\u00f1os y de lo cual estoy muy agradecida con todas y cada una de las personas con quienes trat\u00e9 en especial con la Dra.Cony, pues su profesionalismo y calidez estuvo firme y fiel en todo momento. Este largo proceso fu\u00e9 de suma importancia; \u201cas\u00ed era como ten\u00eda que haber sido\u201d, hab\u00eda ra\u00edces muy gordas\u2026 era la voluntad del Padre y su inmenso amor por m\u00ed, aunque en esa etapa yo no pod\u00eda verlo ni mucho menos sentirlo de esa manera.<\/p>\n\n\n\n<p>El desasosiego en mi alma continuaba presente y haciendo estragos para m\u00ed y para quienes me rodeaban. Conociendo el camino, reinicie mi b\u00fasqueda; b\u00fasqueda por un sentido, b\u00fasqueda que me sugiriera una peque\u00f1\u00edsima motivaci\u00f3n o ilusi\u00f3n; y todos absolutamente todos los lugares y personas que conoc\u00ed en este trayecto contribuyeron a hacer parte de lo que soy ahora, pero solamente Dios Padre Todo Poderoso hizo por m\u00ed lo que yo no pude hacer por m\u00ed misma.<\/p>\n\n\n\n<p>Fu\u00e9 en este punto y bajo la circunstancia de una entidad rota, fr\u00e1gil, desconcertada y vulnerable a todo y a nada, cuando con la invitaci\u00f3n de una querida amiga, llegue a los talleres que imparte la Psicoterapeuta Mar\u00eda Rosa Rodr\u00edguez Seg\u00f3n y que han sido tanto un regalo espiritual e intelectual como una experiencia muy enriquecedora. Poco a poco y cada vez en mayor grado fu\u00ed conectando mi cabeza con mi Coraz\u00f3n, y cr\u00e9anme, en m\u00ed ha sido el camino m\u00e1s largo y dif\u00edcil que he recorrido. A medida que asist\u00eda a las sesiones me iba renovando, era como si a una gran cebolla se le fuera cayendo capa por capa y se deshelara como un iceberg bajo los rayos del sol. Cada ejercicio o din\u00e1mica realizada mediante la oraci\u00f3n actuaba suave y sutilmente limpiando cada rinc\u00f3n de mi marchito archivo de heridas; ahora puedo verlo en retrospectiva.<\/p>\n\n\n\n<p>Creo absolutamente que la mano de Dios siempre estuvo ah\u00ed, conmigo y durante cada instante de mi historia, rengl\u00f3n por rengl\u00f3n y \u00c9l puso los medios que yo necesitaba. En cuanto a mi reconciliaci\u00f3n y entrega con mi creador \u201cEl Centro de Oraci\u00f3n del Sagrado Coraz\u00f3n de Jes\u00fas y de Mar\u00eda\u201d fu\u00e9 el parte aguas, aunado con la vocaci\u00f3n de servicio que Mari Rosi desprendida, amorosa que humildemente proyecta y ofrece a toda persona que se acerca al mismo.<\/p>\n\n\n\n<p>Volviendo un poco a mi etapa de juventud, por lo general dentro del reconocimiento hab\u00eda el \u201cas\u201d debajo de la manga; el conseguir sentirme honrada ya que pensaba que solo as\u00ed me sentir\u00eda bien. En mis ensue\u00f1os me imaginaba haciendo un esfuerzo sobre humano en la escuela o en el deporte para obtener una medalla pero instant\u00e1neamente esa imagen se desvanec\u00eda. Tambi\u00e9n surg\u00eda la idea de ir al frente de un desfile, ser premiada por alg\u00fan logro o al menos conseguir un distintivo. A menudo el HONOR se expresa p\u00fablicamente en estas formas. Aqu\u00ed en mi grupo de oraci\u00f3n he aprendido a expresar el honor mediante el ejercicio privado y constante de la modelaci\u00f3n integral, la valent\u00eda y el amor. Estas virtudes casi siempre se demuestran con peque\u00f1os sacrificios frecuentes y es gracias a la oraci\u00f3n y a la meditaci\u00f3n que pueden alcanzarse, adem\u00e1s del apoyo de las compa\u00f1eras que me cobijan; cada una tiene una aportaci\u00f3n \u00fanica, especial, atinada y diferente. Es gracias a la gu\u00eda que he tenido en este maravilloso centro en donde mi fe ha recobrado su brillo y donde se ha convertido ahora en una fe que obra, que se palpa, que se extiende y que se fortalece.<\/p>\n\n\n\n<p>Tambi\u00e9n ha sido una bendici\u00f3n para mi familia pues san\u00e1ndome he podido contribuir en el acompa\u00f1amiento de sanaci\u00f3n de quienes tanto amo. Comenc\u00e9 absteni\u00e9ndome de decir algo negativo a alguien cuando todos los dem\u00e1s lo estaban atacando, m\u00e1s a\u00fan ya me atrev\u00eda a contradecir la hostilidad con una observaci\u00f3n positiva de esa persona.<\/p>\n\n\n\n<p>Antes de finalizar quisiera matizar que \u201clos honores que concedo\u201d, no son nada comparados con el honor que me confieren pues no son inherentes a mi persona sino que es por la gracia que Dios manifiesta en sus sabios tiempos y no en los m\u00edos.<\/p>\n\n\n\n<p>Por \u00faltimo, yo no cambio ninguno de los \u201cpeores\u201d d\u00edas de mi ahora por los \u201cmejores\u201d d\u00edas de mi ayer. Hoy mi vida tiene los colores de Jes\u00fas y el singular aroma de Mar\u00eda Sant\u00edsima. TODO EL PODER, EL HONOR Y LA GLORIA POR SIEMPRE A TI SE\u00d1OR JES\u00daS.<\/p>\n\n\n\n<p>\u00a1Muchas gracias y Bendiciones!<\/p>\n\n\n\n<p>C.O. Sagrado Coraz\u00f3n de Jes\u00fas y de Mar\u00eda, Quer\u00e9taro, M\u00e9xico<\/p>\n\n\n\n<p><\/p>\n","protected":false},"excerpt":{"rendered":"<p>BUSCANDO \u00abMI RECONOCIMIENTO\u00bb ENCONTR\u00c9 MI FRAGILIDAD Agradezco la oportunidad que Dios me brinda para compartir este testimonio de vida.Agradezco la confianza de ustedes al recibir y leer una parte muy importante de mi vida.Pido la luz del &hellip;<\/p>\n","protected":false},"author":1,"featured_media":14,"comment_status":"open","ping_status":"open","sticky":false,"template":"","format":"standard","meta":{"footnotes":""},"categories":[17],"tags":[],"class_list":["post-286","post","type-post","status-publish","format-standard","has-post-thumbnail","hentry","category-testimonios"],"_links":{"self":[{"href":"http:\/\/centrosoracionguadalupeint.com\/esp\/wp-json\/wp\/v2\/posts\/286","targetHints":{"allow":["GET"]}}],"collection":[{"href":"http:\/\/centrosoracionguadalupeint.com\/esp\/wp-json\/wp\/v2\/posts"}],"about":[{"href":"http:\/\/centrosoracionguadalupeint.com\/esp\/wp-json\/wp\/v2\/types\/post"}],"author":[{"embeddable":true,"href":"http:\/\/centrosoracionguadalupeint.com\/esp\/wp-json\/wp\/v2\/users\/1"}],"replies":[{"embeddable":true,"href":"http:\/\/centrosoracionguadalupeint.com\/esp\/wp-json\/wp\/v2\/comments?post=286"}],"version-history":[{"count":2,"href":"http:\/\/centrosoracionguadalupeint.com\/esp\/wp-json\/wp\/v2\/posts\/286\/revisions"}],"predecessor-version":[{"id":289,"href":"http:\/\/centrosoracionguadalupeint.com\/esp\/wp-json\/wp\/v2\/posts\/286\/revisions\/289"}],"wp:featuredmedia":[{"embeddable":true,"href":"http:\/\/centrosoracionguadalupeint.com\/esp\/wp-json\/wp\/v2\/media\/14"}],"wp:attachment":[{"href":"http:\/\/centrosoracionguadalupeint.com\/esp\/wp-json\/wp\/v2\/media?parent=286"}],"wp:term":[{"taxonomy":"category","embeddable":true,"href":"http:\/\/centrosoracionguadalupeint.com\/esp\/wp-json\/wp\/v2\/categories?post=286"},{"taxonomy":"post_tag","embeddable":true,"href":"http:\/\/centrosoracionguadalupeint.com\/esp\/wp-json\/wp\/v2\/tags?post=286"}],"curies":[{"name":"wp","href":"https:\/\/api.w.org\/{rel}","templated":true}]}}