{"id":320,"date":"2026-04-25T02:40:04","date_gmt":"2026-04-25T02:40:04","guid":{"rendered":"https:\/\/centrosoracionguadalupeint.com\/esp\/?p=320"},"modified":"2026-04-25T05:00:34","modified_gmt":"2026-04-25T05:00:34","slug":"testimonio-16","status":"publish","type":"post","link":"http:\/\/centrosoracionguadalupeint.com\/esp\/testimonios\/testimonio-16\/","title":{"rendered":"TESTIMONIO 16"},"content":{"rendered":"\n<h2 class=\"wp-block-heading\">SANANDO MI NACIMIENTO<\/h2>\n\n\n\n<p>Nac\u00ed un 2 de julio de 1957 y soy la primera de 5 hermanos. Mi nacimiento fue muy dif\u00edcil, mi mam\u00e1 estuvo 12 horas en labor de parto y yo no pod\u00eda nacer. En ese tiempo la ces\u00e1rea no estaba permitida por la Iglesia Cat\u00f3lica, entonces hab\u00eda que hacer lo posible por el parto natural.<\/p>\n\n\n\n<p>La agresi\u00f3n m\u00e1s brutal que he recibido en mi vida fue en el momento de mi nacimiento; nac\u00ed con f\u00f3rceps, pinzas que se colocan en la cabeza del bebe para ayudarlo a salir, met\u00e1licas, duras, fr\u00edas.<\/p>\n\n\n\n<p>Gracias a Dios tengo una m\u00ednima disfunci\u00f3n cerebral, porque he visto en mis visitas al neur\u00f3logo y en mi profesi\u00f3n, &#8211; soy Educadora Especial- grav\u00edsimas lesiones cerebrales ocasionadas por f\u00f3rceps.<\/p>\n\n\n\n<p>Como consecuencia, viv\u00ed toda mi vida, con fuert\u00edsimos dolores de cabeza; dolores que duraban hasta diez d\u00edas con sus noches, buscando y probando cada vez medicinas m\u00e1s fuertes para poder trabajar, estudiar, etc. Me llegu\u00e9 a tomar seis Sidolyles al d\u00eda; diario muchas veces, al final del d\u00eda, con una copa de brandy para poder dormir.<\/p>\n\n\n\n<p>As\u00ed viv\u00ed muchos a\u00f1os, hasta que Dios puso en mi camino a mi t\u00eda Georgina Pumarada y a mi prima Georgina Franc\u00e9s Pumarada quienes me llevaron por primera vez al Centro de Oraci\u00f3n Nuestra Se\u00f1ora de la Luz. El a\u00f1o 2013, particip\u00e9 en la terapia <em><strong>\u201cTrauma de Nacimiento\u201d<\/strong><\/em>. Bendita la hora. Fue muy duro. Todav\u00eda al escribir estas l\u00edneas, se me hace un nudo en la garganta; pero, fue una experiencia incre\u00edble en la que conoc\u00ed personas maravillosas con n coraz\u00f3n enorme entregado a sus semejantes y, desde entonces, desaparecieron mis olores de cabeza. Los primeros d\u00edas despu\u00e9s de la terapia, hasta caminaba despacio porque me daba miedo que regresara el dolor y me quedaba quieta, en silencio, busc\u00e1ndolo, ya no estaba.<\/p>\n\n\n\n<p>No me lo van a creer pero creo que lo extra\u00f1aba, lo echaba de menos, sent\u00eda que faltaba una parte de m\u00ed.<\/p>\n\n\n\n<p>Desde entonces, no he vuelto a sentir un dolor de cabeza ni siquiera mediano. Mi trabajo es de mucho estr\u00e9s, y, a veces por lo mismo, siento una ligera molestia que si me distraigo, ni pastillas tomo.<\/p>\n\n\n\n<p>Doy gracias a Dios por Mari Carmen, por Georgina y por todas las personas que en el Centro de Oraci\u00f3n se dedican a ayudar a otras que lo necesitamos, que Dios las bendiga y ayude a conservarlo por mucho tiempo m\u00e1s.<\/p>\n\n\n\n<p>C.O. Nuestra Se\u00f1ora de la Luz, Puebla, M\u00e9xico<\/p>\n\n\n\n<p><\/p>\n","protected":false},"excerpt":{"rendered":"<p>SANANDO MI NACIMIENTO Nac\u00ed un 2 de julio de 1957 y soy la primera de 5 hermanos. Mi nacimiento fue muy dif\u00edcil, mi mam\u00e1 estuvo 12 horas en labor de parto y yo no pod\u00eda nacer. En &hellip;<\/p>\n","protected":false},"author":1,"featured_media":0,"comment_status":"closed","ping_status":"open","sticky":false,"template":"","format":"standard","meta":{"footnotes":""},"categories":[17],"tags":[],"class_list":["post-320","post","type-post","status-publish","format-standard","hentry","category-testimonios"],"_links":{"self":[{"href":"http:\/\/centrosoracionguadalupeint.com\/esp\/wp-json\/wp\/v2\/posts\/320","targetHints":{"allow":["GET"]}}],"collection":[{"href":"http:\/\/centrosoracionguadalupeint.com\/esp\/wp-json\/wp\/v2\/posts"}],"about":[{"href":"http:\/\/centrosoracionguadalupeint.com\/esp\/wp-json\/wp\/v2\/types\/post"}],"author":[{"embeddable":true,"href":"http:\/\/centrosoracionguadalupeint.com\/esp\/wp-json\/wp\/v2\/users\/1"}],"replies":[{"embeddable":true,"href":"http:\/\/centrosoracionguadalupeint.com\/esp\/wp-json\/wp\/v2\/comments?post=320"}],"version-history":[{"count":1,"href":"http:\/\/centrosoracionguadalupeint.com\/esp\/wp-json\/wp\/v2\/posts\/320\/revisions"}],"predecessor-version":[{"id":321,"href":"http:\/\/centrosoracionguadalupeint.com\/esp\/wp-json\/wp\/v2\/posts\/320\/revisions\/321"}],"wp:attachment":[{"href":"http:\/\/centrosoracionguadalupeint.com\/esp\/wp-json\/wp\/v2\/media?parent=320"}],"wp:term":[{"taxonomy":"category","embeddable":true,"href":"http:\/\/centrosoracionguadalupeint.com\/esp\/wp-json\/wp\/v2\/categories?post=320"},{"taxonomy":"post_tag","embeddable":true,"href":"http:\/\/centrosoracionguadalupeint.com\/esp\/wp-json\/wp\/v2\/tags?post=320"}],"curies":[{"name":"wp","href":"https:\/\/api.w.org\/{rel}","templated":true}]}}