{"id":432,"date":"2026-04-25T04:41:13","date_gmt":"2026-04-25T04:41:13","guid":{"rendered":"https:\/\/centrosoracionguadalupeint.com\/esp\/?p=432"},"modified":"2026-04-25T07:49:08","modified_gmt":"2026-04-25T07:49:08","slug":"centro-de-oracion-nuestra-senora-de-montserrat-barcelona-espana","status":"publish","type":"post","link":"http:\/\/centrosoracionguadalupeint.com\/esp\/centros\/centro-de-oracion-nuestra-senora-de-montserrat-barcelona-espana\/","title":{"rendered":"Nuestra Se\u00f1ora de Montserrat."},"content":{"rendered":"\n<h2 class=\"wp-block-heading has-accent-1-color has-text-color has-link-color wp-elements-335d9b65c8aff14fd08173f4912aa34d\">Centro de Oraci\u00f3n Nuestra Se\u00f1ora de Montserrat <\/h2>\n\n\n\n<h3 class=\"wp-block-heading has-accent-2-color has-text-color has-link-color wp-elements-51a2b6570c378f3d963690a0343f692b\"> Barcelona, Espa\u00f1a.<\/h3>\n\n\n\n<div class=\"wp-block-columns is-layout-flex wp-container-core-columns-is-layout-9d6595d7 wp-block-columns-is-layout-flex\">\n<div class=\"wp-block-column is-layout-flow wp-block-column-is-layout-flow\" style=\"flex-basis:25%\">\n<figure class=\"wp-block-image size-full is-resized\"><img loading=\"lazy\" decoding=\"async\" width=\"711\" height=\"703\" src=\"https:\/\/centrosoracionguadalupeint.com\/esp\/wp-content\/uploads\/2026\/04\/barcelona.jpg\" alt=\"\" class=\"wp-image-485\" style=\"width:300px\" srcset=\"http:\/\/centrosoracionguadalupeint.com\/esp\/wp-content\/uploads\/2026\/04\/barcelona.jpg 711w, http:\/\/centrosoracionguadalupeint.com\/esp\/wp-content\/uploads\/2026\/04\/barcelona-300x297.jpg 300w, http:\/\/centrosoracionguadalupeint.com\/esp\/wp-content\/uploads\/2026\/04\/barcelona-303x300.jpg 303w\" sizes=\"auto, (max-width: 711px) 100vw, 711px\" \/><\/figure>\n\n\n\n<h2 class=\"wp-block-heading\">Directora<\/h2>\n\n\n\n<figure class=\"wp-block-image size-full\"><img loading=\"lazy\" decoding=\"async\" width=\"270\" height=\"400\" src=\"https:\/\/centrosoracionguadalupeint.com\/esp\/wp-content\/uploads\/2026\/04\/miembros07-1.jpg\" alt=\"\" class=\"wp-image-489\" srcset=\"http:\/\/centrosoracionguadalupeint.com\/esp\/wp-content\/uploads\/2026\/04\/miembros07-1.jpg 270w, http:\/\/centrosoracionguadalupeint.com\/esp\/wp-content\/uploads\/2026\/04\/miembros07-1-203x300.jpg 203w\" sizes=\"auto, (max-width: 270px) 100vw, 270px\" \/><\/figure>\n\n\n\n<h5 class=\"wp-block-heading\">Lorena Reyes de Le\u00f3n<\/h5>\n\n\n\n<p>Correo:<br><a href=\"mailto:cecrep.montserrat@gmail.com\">cecrep.montserrat@gmail.com<\/a><br><a href=\"https:\/\/centro-ntra-sra-de-montserrat.jimdosite.com\/\" class=\"\"><strong>WEB<\/strong><\/a><\/p>\n\n\n\n<h4 class=\"wp-block-heading\">DIRECCI\u00d3N<\/h4>\n\n\n\n<p>Calle C\u00f3rcega 67, sala 2<br>08029 Barcelona<\/p>\n<\/div>\n\n\n\n<div class=\"wp-block-column is-layout-flow wp-block-column-is-layout-flow\" style=\"flex-basis:66.66%\">\n<p>El Centro de Crecimiento y Recuperaci\u00f3n Psicoespiritual: Nuestra Se\u00f1ora de Montserrat, es una asociaci\u00f3n privada sin \u00e1nimo de lucro, de laicos que comparten un mismo ideal y misi\u00f3n. Nuestra espiritualidad es b\u00e1sicamente de San Ignacio de Loyola. La direcci\u00f3n es a cargo de la terapeuta Lic. Lorena Reyes. El director apost\u00f3lico y fundador es el sacerdote jesuita James J. Wheeler, S.J.<\/p>\n\n\n\n<p>El Centro Montserrat pertenece a la Sociedad de Nuestra Se\u00f1ora de Guadalupe, formada por otros Centros en los Estados Unidos, en M\u00e9xico y otros pa\u00edses. Ofrecemos talleres\/cursos creados por psic\u00f3logos y sacerdotes cat\u00f3licos, dise\u00f1ados para el crecimiento integral y la curaci\u00f3n interior del ser humano.<\/p>\n\n\n\n<p>Surgen los primeros cursos piloto en el a\u00f1o 1999 como fruto del Centro de Oraci\u00f3n del Sagrado Coraz\u00f3n de la ciudad de M\u00e9xico y se formalizan en Barcelona en el a\u00f1o 2002. Desde entonces se atienden a un sinn\u00famero de personas a trav\u00e9s de la psicolog\u00eda cristiana tanto de forma individual, grupal y de pareja.<\/p>\n\n\n\n<p>Los servicios que ofrecemos se basan en una metodolog\u00eda que integra diversas herramientas psicol\u00f3gicas, con la oraci\u00f3n cristiana. Invitamos a Jes\u00fas a llevar su amor a las heridas de las personas, a trav\u00e9s de la acci\u00f3n del Esp\u00edritu Santo. Algunas t\u00e9cnicas y conocimientos del psicoan\u00e1lisis, de la psicolog\u00eda humanista y cognitiva son utilizados para ayudar a tomar conciencia y descubrir lo que es necesario trabajar y cambiar para llevar a t\u00e9rmino este proceso.<\/p>\n\n\n\n<p>Contamos con el apoyo de algunos sacerdotes entre los cuales est\u00e1n P. Xavier Morlans, P. Juan Jos\u00e9 Gallego, P. Joan Mart\u00ednez, P. Antoni Oriol, entre otros.<\/p>\n\n\n\n<h2 class=\"wp-block-heading\">MISI\u00d3N<\/h2>\n\n\n\n<hr class=\"wp-block-separator has-alpha-channel-opacity is-style-wide\"\/>\n\n\n\n<p><strong>Ayudar a las personas, en su crecimiento y recuperaci\u00f3n integral: psicol\u00f3gica, emocional y espiritual<\/strong>.<br>Descubrir y eliminar gradualmente, los bloqueos que impiden a la persona amar a Dios, a s\u00ed misma y a los dem\u00e1s.Proporcionar los conocimientos y m\u00e9todos para que cada persona se conozca y participe activamente en su crecimiento y recuperaci\u00f3n.Ayudar a las personas a su integraci\u00f3n bio-psico-socio-trascendente.<br><em>\u201cVenid a M\u00ed, todos los que est\u00e9is cansados y agobiados, y Yo os har\u00e9 descansar\u201d<\/em>. Mt. 11, 28-30.<\/p>\n\n\n\n<p><strong>Llevar el amor, misericordia y sanaci\u00f3n de Jesucristo a los seres humanos. <\/strong>.<br>Ayudar a que la persona perciba cu\u00e1nto es amada, valiosa e importante para Dios.Permitir que Jes\u00fas revele la historia de cada persona bajo la mirada y luz de Dios.Ayudar a descubrir cu\u00e1les son las heridas que necesitan ser restauradas.<br><em>\u201cSi el Hijo os hace libres, vosotros ser\u00e9is verdaderamente libres\u201d. <\/em>. Jn, 8, 36.<\/p>\n\n\n\n<p><strong>Encontrar y fomentar la relaci\u00f3n personal con Jesucristo. <\/strong>.<br>Proporcionar los conocimientos y m\u00e9todos de oraci\u00f3n necesarios para que cada persona descubra su relaci\u00f3n \u00fanica e intransferible con Jes\u00fas.Proporcionar orientaci\u00f3n y consejo en las verdades fundamentales de la Iglesia Cat\u00f3lica frente a las nuevas filosof\u00edas existentes.<br><em>\u201c\u00c9l estaba cargando con nuestros sufrimientos, estaba soportando nuestros propios dolores. [&#8230;] Por sus llagas hemos sido sanados.\u201d <\/em>Is. 53, 4-5.<\/p>\n\n\n\n<p><strong>Estos objetivos se realizan a trav\u00e9s de: <\/strong>.<br>CursosTalleres Atenci\u00f3n individual y de pareja<\/p>\n\n\n\n<figure class=\"wp-block-image size-full\"><img loading=\"lazy\" decoding=\"async\" width=\"711\" height=\"703\" src=\"https:\/\/centrosoracionguadalupeint.com\/esp\/wp-content\/uploads\/2026\/04\/barcelona2.jpg\" alt=\"\" class=\"wp-image-496\" srcset=\"http:\/\/centrosoracionguadalupeint.com\/esp\/wp-content\/uploads\/2026\/04\/barcelona2.jpg 711w, http:\/\/centrosoracionguadalupeint.com\/esp\/wp-content\/uploads\/2026\/04\/barcelona2-300x297.jpg 300w, http:\/\/centrosoracionguadalupeint.com\/esp\/wp-content\/uploads\/2026\/04\/barcelona2-303x300.jpg 303w\" sizes=\"auto, (max-width: 711px) 100vw, 711px\" \/><\/figure>\n\n\n\n<h2 class=\"wp-block-heading\">TALLERES Y CURSOS<\/h2>\n\n\n\n<hr class=\"wp-block-separator has-alpha-channel-opacity is-style-wide\"\/>\n\n\n\n<div class=\"wp-block-media-text is-stacked-on-mobile is-vertically-aligned-top\" style=\"grid-template-columns:40% auto\"><figure class=\"wp-block-media-text__media\"><img loading=\"lazy\" decoding=\"async\" width=\"711\" height=\"402\" src=\"https:\/\/centrosoracionguadalupeint.com\/esp\/wp-content\/uploads\/2026\/04\/barcelona3.jpg\" alt=\"\" class=\"wp-image-665 size-full\" srcset=\"http:\/\/centrosoracionguadalupeint.com\/esp\/wp-content\/uploads\/2026\/04\/barcelona3.jpg 711w, http:\/\/centrosoracionguadalupeint.com\/esp\/wp-content\/uploads\/2026\/04\/barcelona3-300x170.jpg 300w, http:\/\/centrosoracionguadalupeint.com\/esp\/wp-content\/uploads\/2026\/04\/barcelona3-531x300.jpg 531w\" sizes=\"auto, (max-width: 711px) 100vw, 711px\" \/><\/figure><div class=\"wp-block-media-text__content\">\n<h5 class=\"wp-block-heading\">DE LA DEPRESI\u00d3N A LA ESPERANZA<\/h5>\n\n\n\n<p>La depresi\u00f3n es una de las enfermedades m\u00e1s comunes. Hablaremos de los tipos de depresi\u00f3n y ofreceremos los recursos psicol\u00f3gicos, m\u00e9dicos y espirituales para hacerle frente.<\/p>\n<\/div><\/div>\n\n\n\n<div class=\"wp-block-media-text is-stacked-on-mobile is-vertically-aligned-top\" style=\"grid-template-columns:40% auto\"><figure class=\"wp-block-media-text__media\"><img loading=\"lazy\" decoding=\"async\" width=\"711\" height=\"703\" src=\"https:\/\/centrosoracionguadalupeint.com\/esp\/wp-content\/uploads\/2026\/04\/barcelona4.jpg\" alt=\"\" class=\"wp-image-668 size-full\" srcset=\"http:\/\/centrosoracionguadalupeint.com\/esp\/wp-content\/uploads\/2026\/04\/barcelona4.jpg 711w, http:\/\/centrosoracionguadalupeint.com\/esp\/wp-content\/uploads\/2026\/04\/barcelona4-300x297.jpg 300w, http:\/\/centrosoracionguadalupeint.com\/esp\/wp-content\/uploads\/2026\/04\/barcelona4-303x300.jpg 303w\" sizes=\"auto, (max-width: 711px) 100vw, 711px\" \/><\/figure><div class=\"wp-block-media-text__content\">\n<h5 class=\"wp-block-heading\">EL PERD\u00d3N, LAS EMOCIONES Y LOS SENTIMIENTOS<\/h5>\n\n\n\n<p>\u00bfCu\u00e1l es el proceso psicol\u00f3gico del perd\u00f3n?, \u00bfC\u00f3mo s\u00e9 si ya he perdonado? Durante este taller trabajaremos nuestros procesos de perd\u00f3n a nivel psicol\u00f3gico y espiritual.<\/p>\n\n\n\n<p>\u00abSe\u00f1or, \u00bfcu\u00e1ntas veces tengo que perdonar? [&#8230;] hasta setenta veces siete\u00bb (Mt. 18, 21-22)<\/p>\n<\/div><\/div>\n\n\n\n<div class=\"wp-block-media-text is-stacked-on-mobile is-vertically-aligned-top\" style=\"grid-template-columns:40% auto\"><figure class=\"wp-block-media-text__media\"><img loading=\"lazy\" decoding=\"async\" width=\"711\" height=\"703\" src=\"https:\/\/centrosoracionguadalupeint.com\/esp\/wp-content\/uploads\/2026\/04\/chihuahua10.jpg\" alt=\"\" class=\"wp-image-670 size-full\" srcset=\"http:\/\/centrosoracionguadalupeint.com\/esp\/wp-content\/uploads\/2026\/04\/chihuahua10.jpg 711w, http:\/\/centrosoracionguadalupeint.com\/esp\/wp-content\/uploads\/2026\/04\/chihuahua10-300x297.jpg 300w, http:\/\/centrosoracionguadalupeint.com\/esp\/wp-content\/uploads\/2026\/04\/chihuahua10-303x300.jpg 303w\" sizes=\"auto, (max-width: 711px) 100vw, 711px\" \/><\/figure><div class=\"wp-block-media-text__content\">\n<h5 class=\"wp-block-heading\">LAS HERIDAS DE LA VIDA<\/h5>\n\n\n\n<p>Este taller se ha impartido desde el a\u00f1o 1978 en numerosas comunidades cat\u00f3licas en los Estados Unidos y Am\u00e9rica Latina. Forma parte de los talleres b\u00e1sicos de los Centros de la Sociedad de Nuestra Se\u00f1ora de Guadalupe. Est\u00e1 revisado por la Comunidad de Jesuitas de Wisconsin, EUA. La metodolog\u00eda, oraciones y contenidos tienen la aprobaci\u00f3n de la Iglesia cat\u00f3lica.<\/p>\n<\/div><\/div>\n\n\n\n<div class=\"wp-block-media-text is-stacked-on-mobile is-vertically-aligned-top\" style=\"grid-template-columns:40% auto\"><figure class=\"wp-block-media-text__media\"><img loading=\"lazy\" decoding=\"async\" width=\"711\" height=\"703\" src=\"http:\/\/centrosoracionguadalupeint.com\/esp\/wp-content\/uploads\/2026\/04\/barcelona6.jpg\" alt=\"\" class=\"wp-image-672 size-full\" srcset=\"http:\/\/centrosoracionguadalupeint.com\/esp\/wp-content\/uploads\/2026\/04\/barcelona6.jpg 711w, http:\/\/centrosoracionguadalupeint.com\/esp\/wp-content\/uploads\/2026\/04\/barcelona6-300x297.jpg 300w, http:\/\/centrosoracionguadalupeint.com\/esp\/wp-content\/uploads\/2026\/04\/barcelona6-303x300.jpg 303w\" sizes=\"auto, (max-width: 711px) 100vw, 711px\" \/><\/figure><div class=\"wp-block-media-text__content\">\n<h5 class=\"wp-block-heading\">LIMITES COMO RECURSOS PARA CRECER EN LAS RELACIONES AFECTIVAS<\/h5>\n\n\n\n<p>CONOCER las formas de relacionarme y sus efectos en mi autoestima.<br>EXPERIMENTAR cambio de actitudes, l\u00edmites y roles.<br>CRECER en el autoconocimiento y en la satisfacci\u00f3n de mis diversas necesidades.<br>INTEGRAR l\u00edmites y cambios en el momento presente.<\/p>\n\n\n\n<p><\/p>\n<\/div><\/div>\n\n\n\n<div class=\"wp-block-media-text is-stacked-on-mobile is-vertically-aligned-top\" style=\"grid-template-columns:40% auto\"><figure class=\"wp-block-media-text__media\"><img loading=\"lazy\" decoding=\"async\" width=\"711\" height=\"703\" src=\"http:\/\/centrosoracionguadalupeint.com\/esp\/wp-content\/uploads\/2026\/04\/barcelona7.jpg\" alt=\"\" class=\"wp-image-674 size-full\" srcset=\"http:\/\/centrosoracionguadalupeint.com\/esp\/wp-content\/uploads\/2026\/04\/barcelona7.jpg 711w, http:\/\/centrosoracionguadalupeint.com\/esp\/wp-content\/uploads\/2026\/04\/barcelona7-300x297.jpg 300w, http:\/\/centrosoracionguadalupeint.com\/esp\/wp-content\/uploads\/2026\/04\/barcelona7-303x300.jpg 303w\" sizes=\"auto, (max-width: 711px) 100vw, 711px\" \/><\/figure><div class=\"wp-block-media-text__content\">\n<h5 class=\"wp-block-heading\">SANANDO MI AUTOESTIMA<\/h5>\n\n\n\n<p>Definimos y desarrollamos los pilares de la autoestima y a trav\u00e9s del trabajo personal y din\u00e1micas iremos trabajando cada uno de ellos.<br>El autoconocimiento, la autoaceptaci\u00f3n, responsabilidad personal y ser consciente son algunos de los temas que desarrollamos.<\/p>\n\n\n\n<p>Definimos y desarrollamos los pilares de la autoestima y a trav\u00e9s del trabajo personal y din\u00e1micas iremos trabajando cada uno de ellos.<br>El autoconocimiento, la autoaceptaci\u00f3n, responsabilidad personal y ser consciente son algunos de los temas que desarrollamos.<\/p>\n<\/div><\/div>\n\n\n\n<div class=\"wp-block-media-text is-stacked-on-mobile is-vertically-aligned-top\" style=\"grid-template-columns:40% auto\"><figure class=\"wp-block-media-text__media\"><img loading=\"lazy\" decoding=\"async\" width=\"711\" height=\"454\" src=\"https:\/\/centrosoracionguadalupeint.com\/esp\/wp-content\/uploads\/2026\/04\/barcelona8.jpg\" alt=\"\" class=\"wp-image-676 size-full\" srcset=\"http:\/\/centrosoracionguadalupeint.com\/esp\/wp-content\/uploads\/2026\/04\/barcelona8.jpg 711w, http:\/\/centrosoracionguadalupeint.com\/esp\/wp-content\/uploads\/2026\/04\/barcelona8-300x192.jpg 300w, http:\/\/centrosoracionguadalupeint.com\/esp\/wp-content\/uploads\/2026\/04\/barcelona8-470x300.jpg 470w\" sizes=\"auto, (max-width: 711px) 100vw, 711px\" \/><\/figure><div class=\"wp-block-media-text__content\">\n<h5 class=\"wp-block-heading\">SANANDO MI IDENTIDAD Y LAS RELACIONES<\/h5>\n\n\n\n<p>Las heridas y mensajes recibidos en nuestro entorno: colegio, familia, religi\u00f3n, etc., muchas veces son incoherentes o enfermizos. Detienen o distorsionan el crecimiento de nuestra verdadera identidad. Se crean roles y formas falsas con las que nos relacionamos. Se crea un vac\u00edo y desconexi\u00f3n interior. En ocasiones propicia adicciones y relaciones inadecuadas.<br>En este taller aprenderemos a relacionarnos de formas sanas dejando espacio para ser quienes somos y permitiendo que los dem\u00e1s se responsabilicen de sus vidas.<\/p>\n\n\n\n<p>Las heridas y mensajes recibidos en nuestro entorno: colegio, familia, religi\u00f3n, etc., muchas veces son incoherentes o enfermizos. Detienen o distorsionan el crecimiento de nuestra verdadera identidad. Se crean roles y formas falsas con las que nos relacionamos. Se crea un vac\u00edo y desconexi\u00f3n interior. En ocasiones propicia adicciones y relaciones inadecuadas.<br>En este taller aprenderemos a relacionarnos de formas sanas dejando espacio para ser quienes somos y permitiendo que los dem\u00e1s se responsabilicen de sus vidas.<\/p>\n<\/div><\/div>\n\n\n\n<div class=\"wp-block-media-text is-stacked-on-mobile is-vertically-aligned-top\" style=\"grid-template-columns:40% auto\"><figure class=\"wp-block-media-text__media\"><img loading=\"lazy\" decoding=\"async\" width=\"711\" height=\"703\" src=\"http:\/\/centrosoracionguadalupeint.com\/esp\/wp-content\/uploads\/2026\/04\/barcelona9.jpg\" alt=\"\" class=\"wp-image-680 size-full\" srcset=\"http:\/\/centrosoracionguadalupeint.com\/esp\/wp-content\/uploads\/2026\/04\/barcelona9.jpg 711w, http:\/\/centrosoracionguadalupeint.com\/esp\/wp-content\/uploads\/2026\/04\/barcelona9-300x297.jpg 300w, http:\/\/centrosoracionguadalupeint.com\/esp\/wp-content\/uploads\/2026\/04\/barcelona9-303x300.jpg 303w\" sizes=\"auto, (max-width: 711px) 100vw, 711px\" \/><\/figure><div class=\"wp-block-media-text__content\">\n<h5 class=\"wp-block-heading\">SANANDO NUESTRA HISTORIA<\/h5>\n\n\n\n<p>El crecimiento del ser humano pasa por diversas etapas, desde la concepci\u00f3n hasta la muerte. En cada etapa se desarrollan dones que nos ayudan a madurar, crecer y ser felices. Las carencias y heridas sufridas en estas etapas detienen el crecimiento personal y disminuyen la capacidad para amar a Dios, a s\u00ed misma, y a los dem\u00e1s.<br><\/p>\n<\/div><\/div>\n\n\n\n<div class=\"wp-block-media-text is-stacked-on-mobile is-vertically-aligned-top\" style=\"grid-template-columns:40% auto\"><figure class=\"wp-block-media-text__media\"><img loading=\"lazy\" decoding=\"async\" width=\"711\" height=\"703\" src=\"http:\/\/centrosoracionguadalupeint.com\/esp\/wp-content\/uploads\/2026\/04\/barcelona10.jpg\" alt=\"\" class=\"wp-image-682 size-full\" srcset=\"http:\/\/centrosoracionguadalupeint.com\/esp\/wp-content\/uploads\/2026\/04\/barcelona10.jpg 711w, http:\/\/centrosoracionguadalupeint.com\/esp\/wp-content\/uploads\/2026\/04\/barcelona10-300x297.jpg 300w, http:\/\/centrosoracionguadalupeint.com\/esp\/wp-content\/uploads\/2026\/04\/barcelona10-303x300.jpg 303w\" sizes=\"auto, (max-width: 711px) 100vw, 711px\" \/><\/figure><div class=\"wp-block-media-text__content\">\n<h5 class=\"wp-block-heading\">TERAPIA INDIVIDUAL \/ PAREJA<\/h5>\n\n\n\n<p>Proceso a trav\u00e9s del cual se acompa\u00f1a a la persona a superar las emociones que las heridas le han dejado en su vida. Se invita a Jes\u00fas a hacerse presente en los recuerdos dolorosos por medio de diferentes m\u00e9todos de oraci\u00f3n y de psicoterapia integradora.<br>La atenci\u00f3n puede ser individual o de pareja y se reciben tanto adolescentes o j\u00f3venes como a personas adultas.<\/p>\n\n\n\n<p><br><\/p>\n<\/div><\/div>\n<\/div>\n<\/div>\n","protected":false},"excerpt":{"rendered":"<p>Centro de Oraci\u00f3n Nuestra Se\u00f1ora de Montserrat Barcelona, Espa\u00f1a. Directora Lorena Reyes de Le\u00f3n Correo:cecrep.montserrat@gmail.comWEB DIRECCI\u00d3N Calle C\u00f3rcega 67, sala 208029 Barcelona El Centro de Crecimiento y Recuperaci\u00f3n Psicoespiritual: Nuestra Se\u00f1ora de Montserrat, es una asociaci\u00f3n privada &hellip;<\/p>\n","protected":false},"author":1,"featured_media":0,"comment_status":"closed","ping_status":"closed","sticky":false,"template":"","format":"standard","meta":{"footnotes":""},"categories":[11],"tags":[],"class_list":["post-432","post","type-post","status-publish","format-standard","hentry","category-centros"],"_links":{"self":[{"href":"http:\/\/centrosoracionguadalupeint.com\/esp\/wp-json\/wp\/v2\/posts\/432","targetHints":{"allow":["GET"]}}],"collection":[{"href":"http:\/\/centrosoracionguadalupeint.com\/esp\/wp-json\/wp\/v2\/posts"}],"about":[{"href":"http:\/\/centrosoracionguadalupeint.com\/esp\/wp-json\/wp\/v2\/types\/post"}],"author":[{"embeddable":true,"href":"http:\/\/centrosoracionguadalupeint.com\/esp\/wp-json\/wp\/v2\/users\/1"}],"replies":[{"embeddable":true,"href":"http:\/\/centrosoracionguadalupeint.com\/esp\/wp-json\/wp\/v2\/comments?post=432"}],"version-history":[{"count":29,"href":"http:\/\/centrosoracionguadalupeint.com\/esp\/wp-json\/wp\/v2\/posts\/432\/revisions"}],"predecessor-version":[{"id":686,"href":"http:\/\/centrosoracionguadalupeint.com\/esp\/wp-json\/wp\/v2\/posts\/432\/revisions\/686"}],"wp:attachment":[{"href":"http:\/\/centrosoracionguadalupeint.com\/esp\/wp-json\/wp\/v2\/media?parent=432"}],"wp:term":[{"taxonomy":"category","embeddable":true,"href":"http:\/\/centrosoracionguadalupeint.com\/esp\/wp-json\/wp\/v2\/categories?post=432"},{"taxonomy":"post_tag","embeddable":true,"href":"http:\/\/centrosoracionguadalupeint.com\/esp\/wp-json\/wp\/v2\/tags?post=432"}],"curies":[{"name":"wp","href":"https:\/\/api.w.org\/{rel}","templated":true}]}}