{"id":440,"date":"2026-04-25T04:46:34","date_gmt":"2026-04-25T04:46:34","guid":{"rendered":"https:\/\/centrosoracionguadalupeint.com\/esp\/?p=440"},"modified":"2026-04-25T10:53:49","modified_gmt":"2026-04-25T10:53:49","slug":"sagrado-corazon-a-c","status":"publish","type":"post","link":"http:\/\/centrosoracionguadalupeint.com\/esp\/centros\/sagrado-corazon-a-c\/","title":{"rendered":"Sagrado Coraz\u00f3n, A.C."},"content":{"rendered":"\n<h2 class=\"wp-block-heading\">Centro de Oraci\u00f3n del Sagrado Coraz\u00f3n, A.C.<\/h2>\n\n\n\n<h3 class=\"wp-block-heading\">Ciudad de M\u00e9xico<\/h3>\n\n\n\n<div class=\"wp-block-columns is-layout-flex wp-container-core-columns-is-layout-9d6595d7 wp-block-columns-is-layout-flex\">\n<div class=\"wp-block-column is-layout-flow wp-block-column-is-layout-flow\" style=\"flex-basis:25%\">\n<figure class=\"wp-block-image size-full is-resized\"><img loading=\"lazy\" decoding=\"async\" width=\"711\" height=\"703\" src=\"http:\/\/centrosoracionguadalupeint.com\/esp\/wp-content\/uploads\/2026\/04\/mexico1.jpg\" alt=\"\" class=\"wp-image-541\" style=\"width:300px\" srcset=\"http:\/\/centrosoracionguadalupeint.com\/esp\/wp-content\/uploads\/2026\/04\/mexico1.jpg 711w, http:\/\/centrosoracionguadalupeint.com\/esp\/wp-content\/uploads\/2026\/04\/mexico1-300x297.jpg 300w, http:\/\/centrosoracionguadalupeint.com\/esp\/wp-content\/uploads\/2026\/04\/mexico1-303x300.jpg 303w\" sizes=\"auto, (max-width: 711px) 100vw, 711px\" \/><\/figure>\n\n\n\n<h2 class=\"wp-block-heading\">Directora<\/h2>\n\n\n\n<figure class=\"wp-block-image size-full is-resized is-style-default\"><img loading=\"lazy\" decoding=\"async\" width=\"920\" height=\"1295\" src=\"http:\/\/centrosoracionguadalupeint.com\/esp\/wp-content\/uploads\/2026\/04\/PERLA.png\" alt=\"\" class=\"wp-image-853\" style=\"aspect-ratio:0.7104295582787589;width:292px;height:auto\" srcset=\"http:\/\/centrosoracionguadalupeint.com\/esp\/wp-content\/uploads\/2026\/04\/PERLA.png 920w, http:\/\/centrosoracionguadalupeint.com\/esp\/wp-content\/uploads\/2026\/04\/PERLA-213x300.png 213w, http:\/\/centrosoracionguadalupeint.com\/esp\/wp-content\/uploads\/2026\/04\/PERLA-727x1024.png 727w, http:\/\/centrosoracionguadalupeint.com\/esp\/wp-content\/uploads\/2026\/04\/PERLA-768x1081.png 768w\" sizes=\"auto, (max-width: 920px) 100vw, 920px\" \/><\/figure>\n\n\n\n<h5 class=\"wp-block-heading\">Perla Ma. Monta\u00f1o S\u00e1nchez<\/h5>\n\n\n\n<p>Correo:<br><a href=\"mailto:info@centrodeoraciondelsagradocorazon.com\">info@centrodeoraciondelsagradocorazon.com<\/a><br>+52 555683 5242<br>WhatsApp 56 1033 6892<br><a href=\"http:\/\/www.centrodeoraciondelsagradocorazon.com\/\" class=\"\"><strong>WEB<\/strong><\/a><br><a href=\"https:\/\/www.facebook.com\/Centrodeoraciondelsagradocorazon\/\"><\/a><br><a href=\"file:\/\/\/Volumes\/GAQSA\/TRABAJOS%20LORTNA\/Centro%20de%20Oracio%CC%81n\/Centros%20de%20Oracion\/@centrosagcormx\">@centrosagcormx<\/a><br><a href=\"file:\/\/\/Volumes\/GAQSA\/TRABAJOS%20LORTNA\/Centro%20de%20Oracio%CC%81n\/Centros%20de%20Oracion\/centrosagcormx\">centrosagcormx<\/a><\/p>\n\n\n\n<h4 class=\"wp-block-heading\">DIRECCI\u00d3N<\/h4>\n\n\n\n<p>Francisco de La Masa 94,<br>Olivar de los Padres,<br>\u00c1lvaro Obreg\u00f3n,<br>01780 Ciudad de M\u00e9xico,<br>CDMX, M\u00e9xico<\/p>\n<\/div>\n\n\n\n<div class=\"wp-block-column is-layout-flow wp-block-column-is-layout-flow\" style=\"flex-basis:66.66%\">\n<p>El Centro de Oraci\u00f3n del Sagrado Coraz\u00f3n fue fundado en 1983 por Elia Mar\u00eda Barnetche Pous[+], Ma. Esther Barnetche Pous y Tesha Prieto de Mart\u00ednez B\u00e1ez quienes formaban parte del ministerio de oraci\u00f3n por los enfermos de la Parroquia de la Santa Cruz del Pedregal, CDMX siendo p\u00e1rroco el P. Anselmo Murillo, M. Sp. S.<\/p>\n\n\n\n<p>En una reuni\u00f3n de ACT (Asociaci\u00f3n de Terapeutas Cristianos) de la cual formaban parte desde 1978, Elia[+], Ma. Esther y Tesha conocieron al P. James J. Wheeler, S.J. quien las invit\u00f3 a hacer el \u00abCurso de Crecimiento Espiritual y Sanaci\u00f3n Interior\u00bb basado en los ejercicios de San Ignacio. Al terminar le pidieron su autorizaci\u00f3n para traducirlo y compartirlo con las personas del ministerio parroquial a quienes pensaban les beneficiar\u00eda mucho.<\/p>\n\n\n\n<p>El padre autoriz\u00f3 la traducci\u00f3n del curso y las invit\u00f3 a tomar el de \u00abPreparaci\u00f3n para el Ministerio de Oraci\u00f3n por Curaci\u00f3n Interior\u00bb, cada uno con duraci\u00f3n de 2 a\u00f1os.<\/p>\n\n\n\n<p>Mientras todo esto suced\u00eda, iban madurando la idea de hacer en M\u00e9xico un centro como el que el Padre Wheeler los que ten\u00eda en Albuquerque, Nuevo M\u00e9xico y en Nueva York que permitir\u00eda no s\u00f3lo atender a las personas en forma individual, sino tambi\u00e9n impartir el curso de \u00abCrecimiento Espiritual y Sanaci\u00f3n Interior\u00bb.<\/p>\n\n\n\n<figure class=\"wp-block-image size-full\"><img loading=\"lazy\" decoding=\"async\" width=\"711\" height=\"703\" src=\"https:\/\/centrosoracionguadalupeint.com\/esp\/wp-content\/uploads\/2026\/04\/mexico2.jpg\" alt=\"\" class=\"wp-image-542\" srcset=\"http:\/\/centrosoracionguadalupeint.com\/esp\/wp-content\/uploads\/2026\/04\/mexico2.jpg 711w, http:\/\/centrosoracionguadalupeint.com\/esp\/wp-content\/uploads\/2026\/04\/mexico2-300x297.jpg 300w, http:\/\/centrosoracionguadalupeint.com\/esp\/wp-content\/uploads\/2026\/04\/mexico2-303x300.jpg 303w\" sizes=\"auto, (max-width: 711px) 100vw, 711px\" \/><\/figure>\n\n\n\n<p>En 1989 Mar\u00eda Esther, Elia[+] y Tesha escribieron dos libros que tratan sobre los problemas de la codependencia: \u00abQuiero ser Libre\u00bb y \u00abLibre de Adicciones\u00bb. El primero fue ampliamente difundido y exitoso. Esto trajo al Centro a multitud de personas que buscaban sanar por medio de la oraci\u00f3n. Igualmente, recibieron la invitaci\u00f3n a participar en el radio y la televisi\u00f3n como parte de un ministerio que alcanzar\u00eda a mayor n\u00famero de personas, que de esta manera se pondr\u00edan en contacto con la oraci\u00f3n.<\/p>\n\n\n\n<p>Como fruto del desarrollo, cursos y presencia del Centro de Oraci\u00f3n en provincia por las diversas solicitudes para impartir cursos fuera de CDMX., han surgido varios Centros de Oraci\u00f3n.<\/p>\n\n\n\n<p>Se nos reconoce como una Asociaci\u00f3n de fieles Cat\u00f3licos por un decreto firmado por Mons. Felipe Tejeda Garc\u00eda, M.Sp.S.(+) y extendido por la Arquidi\u00f3cesis Primada de M\u00e9xico, III Vicar\u00eda Episcopal.<\/p>\n\n\n\n<figure class=\"wp-block-image size-full\"><img loading=\"lazy\" decoding=\"async\" width=\"711\" height=\"423\" src=\"https:\/\/centrosoracionguadalupeint.com\/esp\/wp-content\/uploads\/2026\/04\/mexico3.jpg\" alt=\"\" class=\"wp-image-543\" srcset=\"http:\/\/centrosoracionguadalupeint.com\/esp\/wp-content\/uploads\/2026\/04\/mexico3.jpg 711w, http:\/\/centrosoracionguadalupeint.com\/esp\/wp-content\/uploads\/2026\/04\/mexico3-300x178.jpg 300w, http:\/\/centrosoracionguadalupeint.com\/esp\/wp-content\/uploads\/2026\/04\/mexico3-504x300.jpg 504w\" sizes=\"auto, (max-width: 711px) 100vw, 711px\" \/><\/figure>\n\n\n\n<h2 class=\"wp-block-heading\">MISI\u00d3N<\/h2>\n\n\n\n<hr class=\"wp-block-separator has-alpha-channel-opacity is-style-wide\"\/>\n\n\n\n<p><em>Sean Constantes en la Oraci\u00f3n\u00bb.<\/em> Colosenses 4, 2<\/p>\n\n\n\n<p>El Centro de Oraci\u00f3n del Sagrado Coraz\u00f3n, A. C. tiene como misi\u00f3n el crecimiento integral de la persona y la sanaci\u00f3n f\u00edsica, emocional y espiritual a trav\u00e9s de la sanaci\u00f3n interior, mediante cursos y procesos personales de oraci\u00f3n.<br>Busca llevar a las personas a un encuentro con un Jes\u00fas vivo; por lo tanto, todo nuestro esfuerzo se dirige a ayudarlas a encontrar el amor misericordioso y sanador de Jes\u00fas, para que a trav\u00e9s de \u00c9l se encuentren a s\u00ed mismas.<br>Nos distinguimos por atender la parte espiritual del hombre, a trav\u00e9s de la sanaci\u00f3n interior y la procuraci\u00f3n del crecimiento integral de la persona.<br>Desde sus albores, el Centro de Oraci\u00f3n del Sagrado Coraz\u00f3n, A. C. ha dado prioridad a la atenci\u00f3n de sacerdotes, religiosos y laicos comprometidos con la Iglesia.<\/p>\n\n\n\n<figure class=\"wp-block-image size-full\"><img loading=\"lazy\" decoding=\"async\" width=\"920\" height=\"689\" src=\"https:\/\/centrosoracionguadalupeint.com\/esp\/wp-content\/uploads\/2026\/04\/Imagen-3-1.png\" alt=\"\" class=\"wp-image-856\" srcset=\"http:\/\/centrosoracionguadalupeint.com\/esp\/wp-content\/uploads\/2026\/04\/Imagen-3-1.png 920w, http:\/\/centrosoracionguadalupeint.com\/esp\/wp-content\/uploads\/2026\/04\/Imagen-3-1-300x225.png 300w, http:\/\/centrosoracionguadalupeint.com\/esp\/wp-content\/uploads\/2026\/04\/Imagen-3-1-768x575.png 768w, http:\/\/centrosoracionguadalupeint.com\/esp\/wp-content\/uploads\/2026\/04\/Imagen-3-1-401x300.png 401w\" sizes=\"auto, (max-width: 920px) 100vw, 920px\" \/><\/figure>\n\n\n\n<h2 class=\"wp-block-heading\"><strong>VISI\u00d3N<\/strong><\/h2>\n\n\n\n<hr class=\"wp-block-separator has-alpha-channel-opacity is-style-wide\"\/>\n\n\n\n<p><em>Mi casa ser\u00e1 llamada casa de oraci\u00f3n por todos los pueblos\u00bb<\/em>. Isa\u00edas 56, 7<br>El Centro de Oraci\u00f3n del Sagrado Coraz\u00f3n, A. C. es un oasis en medio de la ciudad en donde Jes\u00fas est\u00e1 presente para aquellos que lo necesitan.<\/p>\n\n\n\n<h2 class=\"wp-block-heading\">TALLERES Y CURSOS<\/h2>\n\n\n\n<hr class=\"wp-block-separator has-alpha-channel-opacity is-style-wide\"\/>\n\n\n\n<div class=\"wp-block-media-text is-stacked-on-mobile is-vertically-aligned-top\" style=\"grid-template-columns:40% auto\"><figure class=\"wp-block-media-text__media\"><img loading=\"lazy\" decoding=\"async\" width=\"1024\" height=\"615\" src=\"http:\/\/centrosoracionguadalupeint.com\/esp\/wp-content\/uploads\/2026\/04\/austin-3-1-1024x615.jpg\" alt=\"\" class=\"wp-image-664 size-full\" srcset=\"http:\/\/centrosoracionguadalupeint.com\/esp\/wp-content\/uploads\/2026\/04\/austin-3-1-1024x615.jpg 1024w, http:\/\/centrosoracionguadalupeint.com\/esp\/wp-content\/uploads\/2026\/04\/austin-3-1-300x180.jpg 300w, http:\/\/centrosoracionguadalupeint.com\/esp\/wp-content\/uploads\/2026\/04\/austin-3-1-768x461.jpg 768w, http:\/\/centrosoracionguadalupeint.com\/esp\/wp-content\/uploads\/2026\/04\/austin-3-1-499x300.jpg 499w, http:\/\/centrosoracionguadalupeint.com\/esp\/wp-content\/uploads\/2026\/04\/austin-3-1.jpg 1170w\" sizes=\"auto, (max-width: 1024px) 100vw, 1024px\" \/><\/figure><div class=\"wp-block-media-text__content\">\n<h5 class=\"wp-block-heading\">ESCUELA DE CRECIMIENTO ESPIRITUAL Y SANACI\u00d3N INTERIOR<\/h5>\n\n\n\n<p>Este curso tiene como objetivo reconocer y liberar a la persona de los bloqueos existentes que le impiden el crecimiento espiritual y el verdadero gozo de la vida. Est\u00e1 dirigido a personas interesadas en la sanaci\u00f3n integral, tanto psicol\u00f3gica como espiritual, a trav\u00e9s de la espiritualidad Ignaciana.<br>Se pretende entrar en contacto y experimentar a Jes\u00fas en la contemplaci\u00f3n para establecer a Cristo como el centro de la propia vida y as\u00ed comprometerse con \u00c9l en una uni\u00f3n \u00edntima para estar capacitados para ofrecer un servicio desinteresado a los dem\u00e1s. Tambi\u00e9n est\u00e1 dirigido a sacerdotes, religiosos y religiosas, laicos comprometidos, centros de oraci\u00f3n, desarrollo comunitario, y a toda persona que desee tener una relaci\u00f3n m\u00e1s \u00edntima con Dios.<br>La duraci\u00f3n del programa es de a\u00f1o y medio (cuatro cuatrimestres) y consta de 28 pasos. Las sesiones son semanales con duraci\u00f3n de dos horas. Una semana se recibe tema y la siguiente se trabaja en peque\u00f1os grupos.<\/p>\n<\/div><\/div>\n\n\n\n<div class=\"wp-block-media-text is-stacked-on-mobile is-vertically-aligned-top\" style=\"grid-template-columns:40% auto\"><figure class=\"wp-block-media-text__media\"><img loading=\"lazy\" decoding=\"async\" width=\"300\" height=\"300\" src=\"http:\/\/centrosoracionguadalupeint.com\/esp\/wp-content\/uploads\/2026\/04\/bibliografia7.jpg\" alt=\"\" class=\"wp-image-657 size-full\" srcset=\"http:\/\/centrosoracionguadalupeint.com\/esp\/wp-content\/uploads\/2026\/04\/bibliografia7.jpg 300w, http:\/\/centrosoracionguadalupeint.com\/esp\/wp-content\/uploads\/2026\/04\/bibliografia7-150x150.jpg 150w\" sizes=\"auto, (max-width: 300px) 100vw, 300px\" \/><\/figure><div class=\"wp-block-media-text__content\">\n<h5 class=\"wp-block-heading\">QUIERO SER LIBRE I: SANACI\u00d3N DE LA CODEPENDENCIA<\/h5>\n\n\n\n<p>A lo largo de m\u00e1s de veinte a\u00f1os que hemos trabajado con personas adictas a las relaciones enfermas impartiendo talleres de Codependencia, hemos constatado que a pesar de que hemos sido creados para ser felices, para amar y ser amados, en el curso de la vida y por muy diversas razones, vamos perdiendo el contacto con este fin, y lo que es peor, con nosotros mismos, haci\u00e9ndonos totalmente infelices.<\/p>\n<\/div><\/div>\n\n\n\n<div class=\"wp-block-media-text is-stacked-on-mobile is-vertically-aligned-top\" style=\"grid-template-columns:40% auto\"><figure class=\"wp-block-media-text__media\"><img loading=\"lazy\" decoding=\"async\" width=\"711\" height=\"703\" src=\"http:\/\/centrosoracionguadalupeint.com\/esp\/wp-content\/uploads\/2026\/04\/mexico6.jpg\" alt=\"\" class=\"wp-image-711 size-full\" srcset=\"http:\/\/centrosoracionguadalupeint.com\/esp\/wp-content\/uploads\/2026\/04\/mexico6.jpg 711w, http:\/\/centrosoracionguadalupeint.com\/esp\/wp-content\/uploads\/2026\/04\/mexico6-300x297.jpg 300w, http:\/\/centrosoracionguadalupeint.com\/esp\/wp-content\/uploads\/2026\/04\/mexico6-303x300.jpg 303w\" sizes=\"auto, (max-width: 711px) 100vw, 711px\" \/><\/figure><div class=\"wp-block-media-text__content\">\n<h5 class=\"wp-block-heading\">QUIERO SER LIBRE II : RECUPERACI\u00d3N DE LA CODEPENDENCIA<\/h5>\n\n\n\n<p>Trabajar los asuntos esenciales y los pasos para la recuperaci\u00f3n indispensables para sanar de la Codependencia en un ambiente seguro mediante el trabajo personal y de peque\u00f1o grupo, apoyados por un proceso de oraci\u00f3n de Curaci\u00f3n Interior.<br>Contenido: <\/p>\n\n\n\n<ul class=\"wp-block-list\">\n<li><a href=\"file:\/\/\/Volumes\/GAQSA\/TRABAJOS%20LORTNA\/Centro%20de%20Oracio%CC%81n\/Centros%20de%20Oracion\/mexico.html#\">Efecto del abuso en la autoestima.<\/a><\/li>\n\n\n\n<li><a href=\"file:\/\/\/Volumes\/GAQSA\/TRABAJOS%20LORTNA\/Centro%20de%20Oracio%CC%81n\/Centros%20de%20Oracion\/mexico.html#\">Trabajo personal para acrecentar la autoestima.<\/a><\/li>\n\n\n\n<li><a href=\"file:\/\/\/Volumes\/GAQSA\/TRABAJOS%20LORTNA\/Centro%20de%20Oracio%CC%81n\/Centros%20de%20Oracion\/mexico.html#\">Asuntos esenciales para cambiar de una Codependencia a una coparticipaci\u00f3n positiva en las relaciones.<\/a><\/li>\n\n\n\n<li><a href=\"file:\/\/\/Volumes\/GAQSA\/TRABAJOS%20LORTNA\/Centro%20de%20Oracio%CC%81n\/Centros%20de%20Oracion\/mexico.html#\">Aprendizaje de L\u00edmites sanos. <\/a><\/li>\n\n\n\n<li><a href=\"file:\/\/\/Volumes\/GAQSA\/TRABAJOS%20LORTNA\/Centro%20de%20Oracio%CC%81n\/Centros%20de%20Oracion\/mexico.html#\">Distorsi\u00f3n del pensamiento. <\/a><\/li>\n\n\n\n<li><a href=\"file:\/\/\/Volumes\/GAQSA\/TRABAJOS%20LORTNA\/Centro%20de%20Oracio%CC%81n\/Centros%20de%20Oracion\/mexico.html#\">Inventario sobre los defectos de car\u00e1cter. <\/a><\/li>\n\n\n\n<li><a href=\"file:\/\/\/Volumes\/GAQSA\/TRABAJOS%20LORTNA\/Centro%20de%20Oracio%CC%81n\/Centros%20de%20Oracion\/mexico.html#\">Clarificaci\u00f3n Valores y virtudes.<\/a><\/li>\n<\/ul>\n<\/div><\/div>\n\n\n\n<div class=\"wp-block-media-text is-stacked-on-mobile is-vertically-aligned-top\" style=\"grid-template-columns:40% auto\"><figure class=\"wp-block-media-text__media\"><img loading=\"lazy\" decoding=\"async\" width=\"711\" height=\"703\" src=\"http:\/\/centrosoracionguadalupeint.com\/esp\/wp-content\/uploads\/2026\/04\/chihuahua10.jpg\" alt=\"\" class=\"wp-image-670 size-full\" srcset=\"http:\/\/centrosoracionguadalupeint.com\/esp\/wp-content\/uploads\/2026\/04\/chihuahua10.jpg 711w, http:\/\/centrosoracionguadalupeint.com\/esp\/wp-content\/uploads\/2026\/04\/chihuahua10-300x297.jpg 300w, http:\/\/centrosoracionguadalupeint.com\/esp\/wp-content\/uploads\/2026\/04\/chihuahua10-303x300.jpg 303w\" sizes=\"auto, (max-width: 711px) 100vw, 711px\" \/><\/figure><div class=\"wp-block-media-text__content\">\n<h5 class=\"wp-block-heading\">ORAR PARA SANAR<\/h5>\n\n\n\n<p>Este curso nos brinda la oportunidad de aprender a orar y conocer el poder maravilloso que tiene la oraci\u00f3n en la sanaci\u00f3n interior. El prop\u00f3sito es poder sanar las diferentes heridas que nos han marcado en nuestra vida y que hoy por hoy repercuten en nuestra persona y en nuestras relaciones. Estas heridas tienen que ver con nuestra historia, de ah\u00ed que sea importante poder tocarlas con el amor sanador de Jes\u00fas. La \u00fanica manera de poder lidiar con tanto dolor es a trav\u00e9s de la presencia de Jes\u00fas y de la ayuda tan valiosa de la oraci\u00f3n.<br>En este curso vas a poder recordar momentos significativos de tu vida que te dejaron una huella y escuchar las experiencias de otras personas que te pondr\u00e1n en contacto quiz\u00e1 con recuerdos que ya hab\u00edas olvidado por la magnitud del dolor que te causaron. La gracia de Dios te los va a ir revelando poco a poco, adem\u00e1s de acompa\u00f1arte en este proceso.<\/p>\n<\/div><\/div>\n\n\n\n<div class=\"wp-block-media-text is-stacked-on-mobile is-vertically-aligned-top\" style=\"grid-template-columns:40% auto\"><figure class=\"wp-block-media-text__media\"><img loading=\"lazy\" decoding=\"async\" width=\"711\" height=\"703\" src=\"http:\/\/centrosoracionguadalupeint.com\/esp\/wp-content\/uploads\/2026\/04\/mexico8.jpg\" alt=\"\" class=\"wp-image-712 size-full\" srcset=\"http:\/\/centrosoracionguadalupeint.com\/esp\/wp-content\/uploads\/2026\/04\/mexico8.jpg 711w, http:\/\/centrosoracionguadalupeint.com\/esp\/wp-content\/uploads\/2026\/04\/mexico8-300x297.jpg 300w, http:\/\/centrosoracionguadalupeint.com\/esp\/wp-content\/uploads\/2026\/04\/mexico8-303x300.jpg 303w\" sizes=\"auto, (max-width: 711px) 100vw, 711px\" \/><\/figure><div class=\"wp-block-media-text__content\">\n<h5 class=\"wp-block-heading\">SANANDO MI HISTORIA<\/h5>\n\n\n\n<p>El trabajo de Erik Erikson a trav\u00e9s de las ocho etapas del desarrollo de la persona sana e integrada, nos ayuda a comprender la naturaleza de una persona en cada etapa. Nos muestra cu\u00e1l es la virtud que se obtiene en cada etapa para que sepamos nuestra carencia y en fe, pidamos las gracias que necesitamos.<br>Creemos en el Poder Sanador de Jesucristo y en su deseo de restaurar en nosotros nuestra capacidad de amar y ser amados, de recordar el camino que nos lleva a reconectarnos con \u00c9l y entrar en contacto con nuestro prop\u00f3sito en la vida.<br>Este taller nos permite darnos cuenta de lo que no obtuvimos antes, por las razones que hayan sido, para obtenerlo ahora. Nunca es demasiado tarde para ayudarle a nuestro ni\u00f1o interior a crecer, obtener todo lo que no tuvo, vivir sus p\u00e9rdidas y los procesos de perd\u00f3n.<\/p>\n\n\n\n<p><\/p>\n<\/div><\/div>\n\n\n\n<div class=\"wp-block-media-text is-stacked-on-mobile is-vertically-aligned-top\" style=\"grid-template-columns:40% auto\"><figure class=\"wp-block-media-text__media\"><img loading=\"lazy\" decoding=\"async\" width=\"711\" height=\"703\" src=\"http:\/\/centrosoracionguadalupeint.com\/esp\/wp-content\/uploads\/2026\/04\/chihuahua5.jpg\" alt=\"\" class=\"wp-image-696 size-full\" srcset=\"http:\/\/centrosoracionguadalupeint.com\/esp\/wp-content\/uploads\/2026\/04\/chihuahua5.jpg 711w, http:\/\/centrosoracionguadalupeint.com\/esp\/wp-content\/uploads\/2026\/04\/chihuahua5-300x297.jpg 300w, http:\/\/centrosoracionguadalupeint.com\/esp\/wp-content\/uploads\/2026\/04\/chihuahua5-303x300.jpg 303w\" sizes=\"auto, (max-width: 711px) 100vw, 711px\" \/><\/figure><div class=\"wp-block-media-text__content\">\n<h5 class=\"wp-block-heading\">LIBRE DEL ABUSO: SANACI\u00d3N DEL NI\u00d1O INTERIOR<\/h5>\n\n\n\n<p>El ser humano nace con el prop\u00f3sito de amar y ser amado. Son estas experiencias de amor desde la m\u00e1s tierna infancia las que nos permiten sentirnos conectados con nosotros mismos, con los dem\u00e1s, con Dios y con el universo. A veces, por diversas experiencias en la vida, se rompen los puentes que nos conectan con estas fuentes de amor, generando una profunda sensaci\u00f3n de p\u00e9rdida y duelo.<br>Este taller tiene por objetivo aprender un modo de procesar las p\u00e9rdidas viviendo un duelo a la vez, como:<\/p>\n\n\n\n<ul class=\"wp-block-list\">\n<li><a href=\"file:\/\/\/Volumes\/GAQSA\/TRABAJOS%20LORTNA\/Centro%20de%20Oracio%CC%81n\/Centros%20de%20Oracion\/mexico.html#\">Efecto del abuso en la autoestima.<\/a><\/li>\n\n\n\n<li><a href=\"file:\/\/\/Volumes\/GAQSA\/TRABAJOS%20LORTNA\/Centro%20de%20Oracio%CC%81n\/Centros%20de%20Oracion\/mexico.html#\">Trabajo personal para acrecentar la autoestima.<\/a><\/li>\n\n\n\n<li><a href=\"file:\/\/\/Volumes\/GAQSA\/TRABAJOS%20LORTNA\/Centro%20de%20Oracio%CC%81n\/Centros%20de%20Oracion\/mexico.html#\">Asuntos esenciales para cambiar de una Codependencia a una coparticipaci\u00f3n positiva en las relaciones.<\/a><\/li>\n\n\n\n<li><a href=\"file:\/\/\/Volumes\/GAQSA\/TRABAJOS%20LORTNA\/Centro%20de%20Oracio%CC%81n\/Centros%20de%20Oracion\/mexico.html#\">Aprendizaje de L\u00edmites sanos. <\/a><\/li>\n\n\n\n<li><a href=\"file:\/\/\/Volumes\/GAQSA\/TRABAJOS%20LORTNA\/Centro%20de%20Oracio%CC%81n\/Centros%20de%20Oracion\/mexico.html#\">Distorsi\u00f3n del pensamiento. <\/a><\/li>\n\n\n\n<li><a href=\"file:\/\/\/Volumes\/GAQSA\/TRABAJOS%20LORTNA\/Centro%20de%20Oracio%CC%81n\/Centros%20de%20Oracion\/mexico.html#\">Inventario sobre los defectos de car\u00e1cter. <\/a><\/li>\n\n\n\n<li><a href=\"file:\/\/\/Volumes\/GAQSA\/TRABAJOS%20LORTNA\/Centro%20de%20Oracio%CC%81n\/Centros%20de%20Oracion\/mexico.html#\">Clarificaci\u00f3n Valores y virtudes.<\/a><\/li>\n<\/ul>\n\n\n\n<p>La lista de p\u00e9rdidas y duelos puede ser interminable y por lo tanto la necesidad de aprender a procesarlos es indispensable para poder vivir en el presente.<\/p>\n<\/div><\/div>\n\n\n\n<div class=\"wp-block-media-text is-stacked-on-mobile is-vertically-aligned-top\" style=\"grid-template-columns:40% auto\"><figure class=\"wp-block-media-text__media\"><img loading=\"lazy\" decoding=\"async\" width=\"711\" height=\"703\" src=\"http:\/\/centrosoracionguadalupeint.com\/esp\/wp-content\/uploads\/2026\/04\/mexico9.jpg\" alt=\"\" class=\"wp-image-715 size-full\" srcset=\"http:\/\/centrosoracionguadalupeint.com\/esp\/wp-content\/uploads\/2026\/04\/mexico9.jpg 711w, http:\/\/centrosoracionguadalupeint.com\/esp\/wp-content\/uploads\/2026\/04\/mexico9-300x297.jpg 300w, http:\/\/centrosoracionguadalupeint.com\/esp\/wp-content\/uploads\/2026\/04\/mexico9-303x300.jpg 303w\" sizes=\"auto, (max-width: 711px) 100vw, 711px\" \/><\/figure><div class=\"wp-block-media-text__content\">\n<h5 class=\"wp-block-heading\">EL AMOR A S\u00cd MISMO: SANACI\u00d3N DE LA AUTOESTIMA<\/h5>\n\n\n\n<p>Quien se ama a s\u00ed mismo es capaz de amar y valorar a los dem\u00e1s. Este taller tiene por objetivo ayudar al participante a: <\/p>\n\n\n\n<ul class=\"wp-block-list\">\n<li>Definir qu\u00e9 es la autoestima.<\/li>\n\n\n\n<li>Profundizar y evaluar en d\u00f3nde se gesta la autoestima.<\/li>\n\n\n\n<li>Facilitar el cambio de actitudes disfuncionales hacia s\u00ed mismo por otras m\u00e1s funcionales.<\/li>\n<\/ul>\n\n\n\n<p>Tambi\u00e9n te permite descubrir c\u00f3mo una baja autoestima te lleva a sabotear tus logros en la vida estableciendo creencias equivocadas acerca de tu dignidad y valor como persona; afectando tus conductas, tus capacidades; tu modo de relacionarte con tu \u00e1mbito familiar, laboral y social e impidiendo lograr tus metas.<\/p>\n<\/div><\/div>\n\n\n\n<div class=\"wp-block-media-text is-stacked-on-mobile is-vertically-aligned-top\" style=\"grid-template-columns:40% auto\"><figure class=\"wp-block-media-text__media\"><img loading=\"lazy\" decoding=\"async\" width=\"711\" height=\"402\" src=\"http:\/\/centrosoracionguadalupeint.com\/esp\/wp-content\/uploads\/2026\/04\/barcelona3.jpg\" alt=\"\" class=\"wp-image-665 size-full\" srcset=\"http:\/\/centrosoracionguadalupeint.com\/esp\/wp-content\/uploads\/2026\/04\/barcelona3.jpg 711w, http:\/\/centrosoracionguadalupeint.com\/esp\/wp-content\/uploads\/2026\/04\/barcelona3-300x170.jpg 300w, http:\/\/centrosoracionguadalupeint.com\/esp\/wp-content\/uploads\/2026\/04\/barcelona3-531x300.jpg 531w\" sizes=\"auto, (max-width: 711px) 100vw, 711px\" \/><\/figure><div class=\"wp-block-media-text__content\">\n<h5 class=\"wp-block-heading\">DE LA DEPRESI\u00d3N A LA ESPERANZA<\/h5>\n\n\n\n<p>Es un curso que te ayuda a no hundirte cada vez m\u00e1s en el dolor y la depresi\u00f3n. Te lleva poco a poco a sanar los momentos oscuros en tu vida llev\u00e1ndote a la luz y a descubrir que la misi\u00f3n del ser humano es ser libre y feliz. La depresi\u00f3n te impide ver lo bueno que tiene tu vida saliendo de ti mismo para disfrutar lo que esta enfermedad te ha arrebatado. Es un curso que te lleva de la tristeza a descubrir que tu vida tiene muchas opciones si las sabes encontrar y de la mano de la fe encontrar que el dolor que has sufrido no es una cosa permanente, que puedes salir de \u00e9l y que est\u00e1s llamado a darte cuenta que nunca has estado solo, y que puedes aprender de la depresi\u00f3n y crecer como ser humano.<br>Curso de fin de semana.<\/p>\n<\/div><\/div>\n\n\n\n<div class=\"wp-block-media-text is-stacked-on-mobile is-vertically-aligned-top\" style=\"grid-template-columns:40% auto\"><figure class=\"wp-block-media-text__media\"><img loading=\"lazy\" decoding=\"async\" width=\"711\" height=\"703\" src=\"http:\/\/centrosoracionguadalupeint.com\/esp\/wp-content\/uploads\/2026\/04\/mexico11.jpg\" alt=\"\" class=\"wp-image-718 size-full\" srcset=\"http:\/\/centrosoracionguadalupeint.com\/esp\/wp-content\/uploads\/2026\/04\/mexico11.jpg 711w, http:\/\/centrosoracionguadalupeint.com\/esp\/wp-content\/uploads\/2026\/04\/mexico11-300x297.jpg 300w, http:\/\/centrosoracionguadalupeint.com\/esp\/wp-content\/uploads\/2026\/04\/mexico11-303x300.jpg 303w\" sizes=\"auto, (max-width: 711px) 100vw, 711px\" \/><\/figure><div class=\"wp-block-media-text__content\">\n<h5 class=\"wp-block-heading\">SANANDO LAS RELACIONES FAMILIARES: MADRE, PADRE, HERMANOS<\/h5>\n\n\n\n<p>Nunca es tarde para empezar a llevar a la luz cu\u00e1l ha sido nuestra historia, c\u00f3mo nos marc\u00f3, cu\u00e1les fueron los aprendizajes y cu\u00e1les las consecuencias que nos hicieron temer el amar incondicionalmente. Este taller ayuda a las personas a tomar conciencia de la calidad de sus relaciones a trav\u00e9s de su vida con pap\u00e1, mam\u00e1 y hermanos, saber c\u00f3mo todo esto ha ayudado a formar su personalidad, reconociendo que a veces es necesario iniciar un profundo proceso de perd\u00f3n para quedar libre de los resentimientos que amenazan con destruir nuestra salud y a veces nuestra vida.<\/p>\n<\/div><\/div>\n\n\n\n<div class=\"wp-block-media-text is-stacked-on-mobile is-vertically-aligned-top\" style=\"grid-template-columns:40% auto\"><figure class=\"wp-block-media-text__media\"><img loading=\"lazy\" decoding=\"async\" width=\"711\" height=\"703\" src=\"http:\/\/centrosoracionguadalupeint.com\/esp\/wp-content\/uploads\/2026\/04\/mexico12.jpg\" alt=\"\" class=\"wp-image-719 size-full\" srcset=\"http:\/\/centrosoracionguadalupeint.com\/esp\/wp-content\/uploads\/2026\/04\/mexico12.jpg 711w, http:\/\/centrosoracionguadalupeint.com\/esp\/wp-content\/uploads\/2026\/04\/mexico12-300x297.jpg 300w, http:\/\/centrosoracionguadalupeint.com\/esp\/wp-content\/uploads\/2026\/04\/mexico12-303x300.jpg 303w\" sizes=\"auto, (max-width: 711px) 100vw, 711px\" \/><\/figure><div class=\"wp-block-media-text__content\">\n<h5 class=\"wp-block-heading\">SANANDO MIS EMOCIONES: CULPA, ENOJO, VERG\u00dcENZA, TRISTEZA, MIEDO<\/h5>\n\n\n\n<p>El objetivo de este taller es ayudar a las personas a entrar en contacto con sus sentimientos reales, conocerlos, conocer sus ra\u00edces y aprender a trabajar con ellos a trav\u00e9s de diversas t\u00e9cnicas.<br>Se profundizara en los sentimientos: <\/p>\n\n\n\n<ul class=\"wp-block-list\">\n<li><a href=\"file:\/\/\/Volumes\/GAQSA\/TRABAJOS%20LORTNA\/Centro%20de%20Oracio%CC%81n\/Centros%20de%20Oracion\/mexico.html#\">CulpaEnojo<\/a><\/li>\n\n\n\n<li><a href=\"file:\/\/\/Volumes\/GAQSA\/TRABAJOS%20LORTNA\/Centro%20de%20Oracio%CC%81n\/Centros%20de%20Oracion\/mexico.html#\">Verg\u00fcenza<\/a><\/li>\n\n\n\n<li><a href=\"file:\/\/\/Volumes\/GAQSA\/TRABAJOS%20LORTNA\/Centro%20de%20Oracio%CC%81n\/Centros%20de%20Oracion\/mexico.html#\">Tristeza<\/a><\/li>\n\n\n\n<li><a href=\"file:\/\/\/Volumes\/GAQSA\/TRABAJOS%20LORTNA\/Centro%20de%20Oracio%CC%81n\/Centros%20de%20Oracion\/mexico.html#\">Miedo<\/a><\/li>\n<\/ul>\n\n\n\n<p>Quien no est\u00e1 en contacto con sus emociones y sentimientos tiene una barrera para poder relacionarse.<\/p>\n<\/div><\/div>\n\n\n\n<h2 class=\"wp-block-heading\">TALLERES ESPECIALIZADOS INTENSIVOS DE CODEPENDENCIA Y RECUPERACI\u00d3N<\/h2>\n\n\n\n<hr class=\"wp-block-separator has-alpha-channel-opacity is-style-wide\"\/>\n\n\n\n<div class=\"wp-block-media-text is-stacked-on-mobile is-vertically-aligned-top\" style=\"grid-template-columns:40% auto\"><figure class=\"wp-block-media-text__media\"><img loading=\"lazy\" decoding=\"async\" width=\"711\" height=\"454\" src=\"http:\/\/centrosoracionguadalupeint.com\/esp\/wp-content\/uploads\/2026\/04\/barcelona8.jpg\" alt=\"\" class=\"wp-image-676 size-full\" srcset=\"http:\/\/centrosoracionguadalupeint.com\/esp\/wp-content\/uploads\/2026\/04\/barcelona8.jpg 711w, http:\/\/centrosoracionguadalupeint.com\/esp\/wp-content\/uploads\/2026\/04\/barcelona8-300x192.jpg 300w, http:\/\/centrosoracionguadalupeint.com\/esp\/wp-content\/uploads\/2026\/04\/barcelona8-470x300.jpg 470w\" sizes=\"auto, (max-width: 711px) 100vw, 711px\" \/><\/figure><div class=\"wp-block-media-text__content\">\n<h5 class=\"wp-block-heading\"><strong>CL\u00cdNICA DE CODEPENDENCIA<\/strong><\/h5>\n\n\n\n<p>Es un curso que te ayuda a no hundirte cada vez m\u00e1s en el dolor y la depresi\u00f3n. Te lleva poco a poco a sanar los momentos oscuros en tu vida llev\u00e1ndote a la luz y a descubrir que la misi\u00f3n del ser humano es ser libre y feliz. La depresi\u00f3n te impide ver lo bueno que tiene tu vida saliendo de ti mismo para disfrutar lo que esta enfermedad te ha arrebatado. Es un curso que te lleva de la tristeza a descubrir que tu vida tiene muchas opciones si las sabes encontrar y de la mano de la fe encontrar que el dolor que has sufrido no es una cosa permanente, que puedes salir de \u00e9l y que est\u00e1s llamado a darte cuenta que nunca has estado solo, y que puedes aprender de la depresi\u00f3n y crecer como ser humano.<br>Curso de fin de semana.<\/p>\n<\/div><\/div>\n\n\n\n<div class=\"wp-block-media-text is-stacked-on-mobile is-vertically-aligned-top\" style=\"grid-template-columns:40% auto\"><figure class=\"wp-block-media-text__media\"><img loading=\"lazy\" decoding=\"async\" width=\"711\" height=\"703\" src=\"http:\/\/centrosoracionguadalupeint.com\/esp\/wp-content\/uploads\/2026\/04\/mexico13.jpg\" alt=\"\" class=\"wp-image-720 size-full\" srcset=\"http:\/\/centrosoracionguadalupeint.com\/esp\/wp-content\/uploads\/2026\/04\/mexico13.jpg 711w, http:\/\/centrosoracionguadalupeint.com\/esp\/wp-content\/uploads\/2026\/04\/mexico13-300x297.jpg 300w, http:\/\/centrosoracionguadalupeint.com\/esp\/wp-content\/uploads\/2026\/04\/mexico13-303x300.jpg 303w\" sizes=\"auto, (max-width: 711px) 100vw, 711px\" \/><\/figure><div class=\"wp-block-media-text__content\">\n<h5 class=\"wp-block-heading\">SABIDUR\u00cdA DE MI CUERPO, ENFOQUE BIOESPIRITUAL<\/h5>\n\n\n\n<p>\u201cNo son las experiencias de la vida las que enferman la vida misma, sino la forma como las llevamos cargando en el cuerpo\u00bb.<br>\u00bfSab\u00edas que tu cuerpo conserva la memoria de lo que has vivido, aun cuando tu mente las haya olvidado o negado?<br>Este Taller basado en la t\u00e9cnica de Enfoque Bioespiritual, ense\u00f1a una forma sencilla y respetuosa de escuchar el lenguaje de tu cuerpo y a conocer c\u00f3mo se expresan los sentimientos en \u00e9l, profundizando los procesos terap\u00e9uticos y favoreciendo la integraci\u00f3n espiritual, emocional y f\u00edsica.<br>Quien aprende a ponerse en contacto con sus sentimientos y lo que es real en s\u00ed mismo, aun cuando no cambiara nada a su alrededor, todo cambia para \u00e9l.<br>Taller de 5 d\u00edas .<\/p>\n<\/div><\/div>\n\n\n\n<div class=\"wp-block-media-text is-stacked-on-mobile is-vertically-aligned-top\" style=\"grid-template-columns:40% auto\"><figure class=\"wp-block-media-text__media\"><img loading=\"lazy\" decoding=\"async\" width=\"711\" height=\"703\" src=\"http:\/\/centrosoracionguadalupeint.com\/esp\/wp-content\/uploads\/2026\/04\/mexico14.jpg\" alt=\"\" class=\"wp-image-721 size-full\" srcset=\"http:\/\/centrosoracionguadalupeint.com\/esp\/wp-content\/uploads\/2026\/04\/mexico14.jpg 711w, http:\/\/centrosoracionguadalupeint.com\/esp\/wp-content\/uploads\/2026\/04\/mexico14-300x297.jpg 300w, http:\/\/centrosoracionguadalupeint.com\/esp\/wp-content\/uploads\/2026\/04\/mexico14-303x300.jpg 303w\" sizes=\"auto, (max-width: 711px) 100vw, 711px\" \/><\/figure><div class=\"wp-block-media-text__content\">\n<h5 class=\"wp-block-heading\">TALLER INTRODUCTORIO TRAUMA DE NACIMIENTO<\/h5>\n\n\n\n<p>Estudios prenatales han demostrado con certeza, que todas nuestras vivencias en el vientre materno, desde la concepci\u00f3n hasta el nacimiento, producen un efecto importante y prolongado en nuestra vida, formando el templete en el que se sustentar\u00e1 nuestro desarrollo f\u00edsico, emocional y espiritual.<br>De esta manera eventos estresantes que sufren los padres durante la gestaci\u00f3n de su beb\u00e9 como, una relaci\u00f3n conflictiva de pareja, situaci\u00f3n econ\u00f3mica dif\u00edcil, problemas familiares, enfermedades, p\u00e9rdidas de todo tipo, abusos, etc., provocan en el beb\u00e9 un alto nivel de sufrimiento y estr\u00e9s.<br>En este Taller sanar\u00e1s estas memorias prenatales y\/o perinatales que tienen impactos negativos y perdurables que influyen determinantemente en su desarrollo.<\/p>\n\n\n\n<p><\/p>\n<\/div><\/div>\n<\/div>\n<\/div>\n","protected":false},"excerpt":{"rendered":"<p>Centro de Oraci\u00f3n del Sagrado Coraz\u00f3n, A.C. Ciudad de M\u00e9xico Directora Perla Ma. Monta\u00f1o S\u00e1nchez Correo:info@centrodeoraciondelsagradocorazon.com+52 555683 5242WhatsApp 56 1033 6892WEB@centrosagcormxcentrosagcormx DIRECCI\u00d3N Francisco de La Masa 94,Olivar de los Padres,\u00c1lvaro Obreg\u00f3n,01780 Ciudad de M\u00e9xico,CDMX, M\u00e9xico El Centro &hellip;<\/p>\n","protected":false},"author":1,"featured_media":0,"comment_status":"closed","ping_status":"closed","sticky":false,"template":"","format":"standard","meta":{"footnotes":""},"categories":[11],"tags":[],"class_list":["post-440","post","type-post","status-publish","format-standard","hentry","category-centros"],"_links":{"self":[{"href":"http:\/\/centrosoracionguadalupeint.com\/esp\/wp-json\/wp\/v2\/posts\/440","targetHints":{"allow":["GET"]}}],"collection":[{"href":"http:\/\/centrosoracionguadalupeint.com\/esp\/wp-json\/wp\/v2\/posts"}],"about":[{"href":"http:\/\/centrosoracionguadalupeint.com\/esp\/wp-json\/wp\/v2\/types\/post"}],"author":[{"embeddable":true,"href":"http:\/\/centrosoracionguadalupeint.com\/esp\/wp-json\/wp\/v2\/users\/1"}],"replies":[{"embeddable":true,"href":"http:\/\/centrosoracionguadalupeint.com\/esp\/wp-json\/wp\/v2\/comments?post=440"}],"version-history":[{"count":20,"href":"http:\/\/centrosoracionguadalupeint.com\/esp\/wp-json\/wp\/v2\/posts\/440\/revisions"}],"predecessor-version":[{"id":859,"href":"http:\/\/centrosoracionguadalupeint.com\/esp\/wp-json\/wp\/v2\/posts\/440\/revisions\/859"}],"wp:attachment":[{"href":"http:\/\/centrosoracionguadalupeint.com\/esp\/wp-json\/wp\/v2\/media?parent=440"}],"wp:term":[{"taxonomy":"category","embeddable":true,"href":"http:\/\/centrosoracionguadalupeint.com\/esp\/wp-json\/wp\/v2\/categories?post=440"},{"taxonomy":"post_tag","embeddable":true,"href":"http:\/\/centrosoracionguadalupeint.com\/esp\/wp-json\/wp\/v2\/tags?post=440"}],"curies":[{"name":"wp","href":"https:\/\/api.w.org\/{rel}","templated":true}]}}