{"id":444,"date":"2026-04-25T04:48:27","date_gmt":"2026-04-25T04:48:27","guid":{"rendered":"https:\/\/centrosoracionguadalupeint.com\/esp\/?p=444"},"modified":"2026-04-25T08:40:44","modified_gmt":"2026-04-25T08:40:44","slug":"cristo-rey","status":"publish","type":"post","link":"http:\/\/centrosoracionguadalupeint.com\/esp\/centros\/cristo-rey\/","title":{"rendered":"Cristo Rey."},"content":{"rendered":"\n<h2 class=\"wp-block-heading\">Centro de Oraci\u00f3n Cristo Rey. <\/h2>\n\n\n\n<h3 class=\"wp-block-heading\">Delicias, Chi., M\u00e9xico<\/h3>\n\n\n\n<div class=\"wp-block-columns is-layout-flex wp-container-core-columns-is-layout-9d6595d7 wp-block-columns-is-layout-flex\">\n<div class=\"wp-block-column is-layout-flow wp-block-column-is-layout-flow\" style=\"flex-basis:25%\">\n<figure class=\"wp-block-image size-full is-resized\"><img loading=\"lazy\" decoding=\"async\" width=\"711\" height=\"703\" src=\"https:\/\/centrosoracionguadalupeint.com\/esp\/wp-content\/uploads\/2026\/04\/delicias1.jpg\" alt=\"\" class=\"wp-image-553\" style=\"width:300px\" srcset=\"http:\/\/centrosoracionguadalupeint.com\/esp\/wp-content\/uploads\/2026\/04\/delicias1.jpg 711w, http:\/\/centrosoracionguadalupeint.com\/esp\/wp-content\/uploads\/2026\/04\/delicias1-300x297.jpg 300w, http:\/\/centrosoracionguadalupeint.com\/esp\/wp-content\/uploads\/2026\/04\/delicias1-303x300.jpg 303w\" sizes=\"auto, (max-width: 711px) 100vw, 711px\" \/><\/figure>\n\n\n\n<h2 class=\"wp-block-heading\">Directora<\/h2>\n\n\n\n<figure class=\"wp-block-image size-full\"><img loading=\"lazy\" decoding=\"async\" width=\"270\" height=\"400\" src=\"http:\/\/centrosoracionguadalupeint.com\/esp\/wp-content\/uploads\/2026\/04\/miembros14.jpg\" alt=\"\" class=\"wp-image-101\" srcset=\"http:\/\/centrosoracionguadalupeint.com\/esp\/wp-content\/uploads\/2026\/04\/miembros14.jpg 270w, http:\/\/centrosoracionguadalupeint.com\/esp\/wp-content\/uploads\/2026\/04\/miembros14-203x300.jpg 203w\" sizes=\"auto, (max-width: 270px) 100vw, 270px\" \/><\/figure>\n\n\n\n<h5 class=\"wp-block-heading\">Alicia Carre\u00f3n<br>Fidel Delgado<\/h5>\n\n\n\n<p>Correo:<br><a href=\"mailto:centrodeoracioncrdelicias@gmail.com\">centrodeoracioncrdelicias@gmail.com<\/a><br><a href=\"file:\/\/\/Volumes\/GAQSA\/TRABAJOS%20LORTNA\/Centro%20de%20Oracio%CC%81n\/Centros%20de%20Oracion\/+ 52 639 111 52 99\">+ 52 639 111 52 99<\/a><br><a href=\"https:\/\/www.facebook.com\/Centro-de-Oraci%C3%B3n-Cristo-Rey-Delicias-Chih-111469720532205\/\"><\/a><br><br><strong>PARROQUIA<\/strong><br><a href=\"file:\/\/\/Volumes\/GAQSA\/TRABAJOS%20LORTNA\/Centro%20de%20Oracio%CC%81n\/Centros%20de%20Oracion\/+52 639 472 01 35\">+52 639 472 01 35<\/a><br><a href=\"file:\/\/\/Volumes\/GAQSA\/TRABAJOS%20LORTNA\/Centro%20de%20Oracio%CC%81n\/Centros%20de%20Oracion\/+52 639 472 35 61\">+52 639 472 35 61<\/a><\/p>\n\n\n\n<h4 class=\"wp-block-heading\">DIRECCI\u00d3N<\/h4>\n\n\n\n<p>Av. 3era y Calle 1era Oriente,<br>Centro, 33000 Delicias,<br>Chih., M\u00e9xico<\/p>\n<\/div>\n\n\n\n<div class=\"wp-block-column is-layout-flow wp-block-column-is-layout-flow\" style=\"flex-basis:66.66%\">\n<p>Iniciamos en el a\u00f1o 2011 con el taller \u00abJes\u00fas libera I\u00bb, asisti\u00f3 mucha gente. \u00abJes\u00fas libera II\u00bb se impart\u00eda en fin de semana. Cierto d\u00eda pase al Sant\u00edsimo y le pregunte al Se\u00f1or: \u00bfD\u00f3nde te puedo servir?. Cuando llegu\u00e9 a casa, timbro el tel\u00e9fono y era Josefina que me dijo: \u00ab\u00bfEres Lily?\u00bb, le dije: \u00absi, a sus \u00f3rdenes\u00bb; a lo que ella respondi\u00f3: \u00abAlguien me est\u00e1 diciendo que t\u00fa puedes hacerte cargo de los talleres de Jes\u00fas Libera, habla con tu esposo y los esperamos el mi\u00e9rcoles\u00bb.<\/p>\n\n\n\n<p>Hablamos con el Padre Pascual, quien no se encontraba muy convencido, a lo que nos dijo: \u00abes que no quiero que esto se convierta en &#8216;cursitis&#8217;, pero nos dio permiso. Empezamos a formarnos con los talleres que se impart\u00edan en Chihuahua. Actualmente 30 miembros formamos el equipo. Son 4 jefes de taller, 3 l\u00edderes de escuela de Wheeler, una coordinadora de taller de duelos, 2 l\u00edderes de j\u00f3venes, 1 coordinadora de oraci\u00f3n y 1 persona tomando la escuela de trauma de nacimiento.<\/p>\n\n\n\n<p>Entre 2012 y 2015 se han ido impartiendo diversos talleres para adultos y j\u00f3venes lo que ha sido un aprendizaje. A su vez, se van formando distintas comunidades de oraci\u00f3n con los participantes de los diversos talleres.<\/p>\n\n\n\n<figure class=\"wp-block-image size-full\"><img loading=\"lazy\" decoding=\"async\" width=\"711\" height=\"703\" src=\"https:\/\/centrosoracionguadalupeint.com\/esp\/wp-content\/uploads\/2026\/04\/delicias2.jpg\" alt=\"\" class=\"wp-image-556\" srcset=\"http:\/\/centrosoracionguadalupeint.com\/esp\/wp-content\/uploads\/2026\/04\/delicias2.jpg 711w, http:\/\/centrosoracionguadalupeint.com\/esp\/wp-content\/uploads\/2026\/04\/delicias2-300x297.jpg 300w, http:\/\/centrosoracionguadalupeint.com\/esp\/wp-content\/uploads\/2026\/04\/delicias2-303x300.jpg 303w\" sizes=\"auto, (max-width: 711px) 100vw, 711px\" \/><\/figure>\n\n\n\n<p>MIEMBROS DEL CONSEJO<\/p>\n\n\n\n<p><strong>Directores<\/strong> Alicia Carre\u00f3n y Fidel Delgado Manr\u00edquez.<\/p>\n\n\n\n<p><strong>Vicedirector<\/strong> Mar\u00eda Cristina Uranga Rohane.<\/p>\n\n\n\n<p><strong>Secretaria<\/strong> Susana Graciela Baca Armend\u00e1riz.<\/p>\n\n\n\n<p><strong>Tesorer\u00eda<\/strong> Patricia Lazcano Soto.<\/p>\n\n\n\n<p><strong>Coordinadora de Oraci\u00f3n y Escuelas de Crecimiento<\/strong> Mar\u00eda de Jes\u00fas Villa Mu\u00f1oz.<\/p>\n\n\n\n<p><strong>Coordinadora de Talleres<\/strong> Elva Graciela Reyes Hermosillo.<\/p>\n\n\n\n<p><strong>Asesor Eclesial<\/strong> P\u00e1rroco Carmen Javier Hern\u00e1ndez Luj\u00e1n.<\/p>\n\n\n\n<h2 class=\"wp-block-heading\">MISI\u00d3N<\/h2>\n\n\n\n<hr class=\"wp-block-separator has-alpha-channel-opacity is-style-wide\"\/>\n\n\n\n<p>La misi\u00f3n del Centro es para acoger en el nombre de Jesucristo a personas, parejas y familias que sufren heridas emocionales y espirituales, acompa\u00f1\u00e1ndolas en un proceso de sanaci\u00f3n para que tengan relaciones adecuadas, alcancen la armon\u00eda y el desarrollo de su ser integral de manera que experimenten el amor de Dios.<br>De esta forma poder contribuir en la mejora de nuestra comunidad a trav\u00e9s de las personas y programas preparados para este ministerio.<\/p>\n\n\n\n<h2 class=\"wp-block-heading\">TALLERES Y SERVICIOS<\/h2>\n\n\n\n<hr class=\"wp-block-separator has-alpha-channel-opacity is-style-wide\"\/>\n\n\n\n<div class=\"wp-block-media-text is-stacked-on-mobile is-vertically-aligned-top\" style=\"grid-template-columns:40% auto\"><figure class=\"wp-block-media-text__media\"><img loading=\"lazy\" decoding=\"async\" width=\"711\" height=\"703\" src=\"http:\/\/centrosoracionguadalupeint.com\/esp\/wp-content\/uploads\/2026\/04\/chihuahua5.jpg\" alt=\"\" class=\"wp-image-696 size-full\" srcset=\"http:\/\/centrosoracionguadalupeint.com\/esp\/wp-content\/uploads\/2026\/04\/chihuahua5.jpg 711w, http:\/\/centrosoracionguadalupeint.com\/esp\/wp-content\/uploads\/2026\/04\/chihuahua5-300x297.jpg 300w, http:\/\/centrosoracionguadalupeint.com\/esp\/wp-content\/uploads\/2026\/04\/chihuahua5-303x300.jpg 303w\" sizes=\"auto, (max-width: 711px) 100vw, 711px\" \/><\/figure><div class=\"wp-block-media-text__content\">\n<h5 class=\"wp-block-heading\">DUELOS<\/h5>\n\n\n\n<p>La sociedad ha atravesado por diversos procesos de violencia, que han da\u00f1ado el coraz\u00f3n de miles de personas. El taller de duelos est\u00e1 dirigido a todos aquellos que han sufrido la p\u00e9rdida de alg\u00fan familiar, de su salud, que est\u00e1n atravesando por alg\u00fan divorcio, entre otras cosas. A trav\u00e9s de diversas sesiones, la persona recibe un acompa\u00f1amiento para superar el dolor que le aqueja por esta situaci\u00f3n, y que as\u00ed pueda seguir adelante con su vida. \u200b<\/p>\n<\/div><\/div>\n\n\n\n<div class=\"wp-block-media-text is-stacked-on-mobile is-vertically-aligned-top\" style=\"grid-template-columns:40% auto\"><figure class=\"wp-block-media-text__media\"><img loading=\"lazy\" decoding=\"async\" width=\"1024\" height=\"615\" src=\"http:\/\/centrosoracionguadalupeint.com\/esp\/wp-content\/uploads\/2026\/04\/austin-3-1-1024x615.jpg\" alt=\"\" class=\"wp-image-664 size-full\" srcset=\"http:\/\/centrosoracionguadalupeint.com\/esp\/wp-content\/uploads\/2026\/04\/austin-3-1-1024x615.jpg 1024w, http:\/\/centrosoracionguadalupeint.com\/esp\/wp-content\/uploads\/2026\/04\/austin-3-1-300x180.jpg 300w, http:\/\/centrosoracionguadalupeint.com\/esp\/wp-content\/uploads\/2026\/04\/austin-3-1-768x461.jpg 768w, http:\/\/centrosoracionguadalupeint.com\/esp\/wp-content\/uploads\/2026\/04\/austin-3-1-499x300.jpg 499w, http:\/\/centrosoracionguadalupeint.com\/esp\/wp-content\/uploads\/2026\/04\/austin-3-1.jpg 1170w\" sizes=\"auto, (max-width: 1024px) 100vw, 1024px\" \/><\/figure><div class=\"wp-block-media-text__content\">\n<h5 class=\"wp-block-heading\">ESCUELA DE CRECIMIENTO ESPIRITUAL Y SANACI\u00d3N INTERIOR<\/h5>\n\n\n\n<p>Est\u00e1 basada en el conocimiento de la Sagrada Escritura, para encontrar en ella la fuente de sanaci\u00f3n. El taller est\u00e1 basado en los Ejercicios Espirituales de San Ignacio de Loyola.<\/p>\n<\/div><\/div>\n\n\n\n<div class=\"wp-block-media-text is-stacked-on-mobile is-vertically-aligned-top\" style=\"grid-template-columns:40% auto\"><figure class=\"wp-block-media-text__media\"><img loading=\"lazy\" decoding=\"async\" width=\"711\" height=\"454\" src=\"http:\/\/centrosoracionguadalupeint.com\/esp\/wp-content\/uploads\/2026\/04\/barcelona8.jpg\" alt=\"\" class=\"wp-image-676 size-full\" srcset=\"http:\/\/centrosoracionguadalupeint.com\/esp\/wp-content\/uploads\/2026\/04\/barcelona8.jpg 711w, http:\/\/centrosoracionguadalupeint.com\/esp\/wp-content\/uploads\/2026\/04\/barcelona8-300x192.jpg 300w, http:\/\/centrosoracionguadalupeint.com\/esp\/wp-content\/uploads\/2026\/04\/barcelona8-470x300.jpg 470w\" sizes=\"auto, (max-width: 711px) 100vw, 711px\" \/><\/figure><div class=\"wp-block-media-text__content\">\n<h5 class=\"wp-block-heading\">JES\u00daS LIBERA 1<\/h5>\n\n\n\n<p>El objetivo es mejorar la relaci\u00f3n consigo mismo, con los dem\u00e1s y con Dios; a trav\u00e9s de un trabajo acerca de la codependencia y las relaciones da\u00f1adas, las carencias durante la ni\u00f1ez y las dificultades para vivir con l\u00edmites sanos.<\/p>\n<\/div><\/div>\n\n\n\n<div class=\"wp-block-media-text is-stacked-on-mobile is-vertically-aligned-top\" style=\"grid-template-columns:40% auto\"><figure class=\"wp-block-media-text__media\"><img loading=\"lazy\" decoding=\"async\" width=\"711\" height=\"703\" src=\"http:\/\/centrosoracionguadalupeint.com\/esp\/wp-content\/uploads\/2026\/04\/barcelona7.jpg\" alt=\"\" class=\"wp-image-674 size-full\" srcset=\"http:\/\/centrosoracionguadalupeint.com\/esp\/wp-content\/uploads\/2026\/04\/barcelona7.jpg 711w, http:\/\/centrosoracionguadalupeint.com\/esp\/wp-content\/uploads\/2026\/04\/barcelona7-300x297.jpg 300w, http:\/\/centrosoracionguadalupeint.com\/esp\/wp-content\/uploads\/2026\/04\/barcelona7-303x300.jpg 303w\" sizes=\"auto, (max-width: 711px) 100vw, 711px\" \/><\/figure><div class=\"wp-block-media-text__content\">\n<h5 class=\"wp-block-heading\">JES\u00daS LIBERA 2<\/h5>\n\n\n\n<p>El objetivo es que la persona se reconozca como un ser valioso, \u00fanico e irrepetible a trav\u00e9s del trabajo en la propia autoestima.<\/p>\n<\/div><\/div>\n\n\n\n<div class=\"wp-block-media-text is-stacked-on-mobile is-vertically-aligned-top\" style=\"grid-template-columns:40% auto\"><figure class=\"wp-block-media-text__media\"><img loading=\"lazy\" decoding=\"async\" width=\"711\" height=\"703\" src=\"http:\/\/centrosoracionguadalupeint.com\/esp\/wp-content\/uploads\/2026\/04\/chihuahua11.jpg\" alt=\"\" class=\"wp-image-702 size-full\" srcset=\"http:\/\/centrosoracionguadalupeint.com\/esp\/wp-content\/uploads\/2026\/04\/chihuahua11.jpg 711w, http:\/\/centrosoracionguadalupeint.com\/esp\/wp-content\/uploads\/2026\/04\/chihuahua11-300x297.jpg 300w, http:\/\/centrosoracionguadalupeint.com\/esp\/wp-content\/uploads\/2026\/04\/chihuahua11-303x300.jpg 303w\" sizes=\"auto, (max-width: 711px) 100vw, 711px\" \/><\/figure><div class=\"wp-block-media-text__content\">\n<h5 class=\"wp-block-heading\">QUIERO SER LIBRE 1<\/h5>\n\n\n\n<p>Es un taller dirigido especialmente a j\u00f3venes, para que mejoren la relaci\u00f3n consigo mismo, con los dem\u00e1s y con Dios; con diferentes din\u00e1micas para prevenir adicciones y relaciones codependientes en su vida.<\/p>\n<\/div><\/div>\n\n\n\n<div class=\"wp-block-media-text is-stacked-on-mobile is-vertically-aligned-top\" style=\"grid-template-columns:40% auto\"><figure class=\"wp-block-media-text__media\"><img loading=\"lazy\" decoding=\"async\" width=\"711\" height=\"703\" src=\"http:\/\/centrosoracionguadalupeint.com\/esp\/wp-content\/uploads\/2026\/04\/chihuahua12.jpg\" alt=\"\" class=\"wp-image-705 size-full\" srcset=\"http:\/\/centrosoracionguadalupeint.com\/esp\/wp-content\/uploads\/2026\/04\/chihuahua12.jpg 711w, http:\/\/centrosoracionguadalupeint.com\/esp\/wp-content\/uploads\/2026\/04\/chihuahua12-300x297.jpg 300w, http:\/\/centrosoracionguadalupeint.com\/esp\/wp-content\/uploads\/2026\/04\/chihuahua12-303x300.jpg 303w\" sizes=\"auto, (max-width: 711px) 100vw, 711px\" \/><\/figure><div class=\"wp-block-media-text__content\">\n<h5 class=\"wp-block-heading\">QUIERO SER LIBRE 2<\/h5>\n\n\n\n<p>Es un taller dirigido a j\u00f3venes con el objetivo de que mejoren su autoestima y se reconozcan como seres \u00fanicos, valiosos e irrepetibles.<\/p>\n<\/div><\/div>\n<\/div>\n<\/div>\n","protected":false},"excerpt":{"rendered":"<p>Centro de Oraci\u00f3n Cristo Rey. Delicias, Chi., M\u00e9xico Directora Alicia Carre\u00f3nFidel Delgado Correo:centrodeoracioncrdelicias@gmail.com+ 52 639 111 52 99 PARROQUIA+52 639 472 01 35+52 639 472 35 61 DIRECCI\u00d3N Av. 3era y Calle 1era Oriente,Centro, 33000 Delicias,Chih., M\u00e9xico &hellip;<\/p>\n","protected":false},"author":1,"featured_media":0,"comment_status":"closed","ping_status":"closed","sticky":false,"template":"","format":"standard","meta":{"footnotes":""},"categories":[11],"tags":[],"class_list":["post-444","post","type-post","status-publish","format-standard","hentry","category-centros"],"_links":{"self":[{"href":"http:\/\/centrosoracionguadalupeint.com\/esp\/wp-json\/wp\/v2\/posts\/444","targetHints":{"allow":["GET"]}}],"collection":[{"href":"http:\/\/centrosoracionguadalupeint.com\/esp\/wp-json\/wp\/v2\/posts"}],"about":[{"href":"http:\/\/centrosoracionguadalupeint.com\/esp\/wp-json\/wp\/v2\/types\/post"}],"author":[{"embeddable":true,"href":"http:\/\/centrosoracionguadalupeint.com\/esp\/wp-json\/wp\/v2\/users\/1"}],"replies":[{"embeddable":true,"href":"http:\/\/centrosoracionguadalupeint.com\/esp\/wp-json\/wp\/v2\/comments?post=444"}],"version-history":[{"count":11,"href":"http:\/\/centrosoracionguadalupeint.com\/esp\/wp-json\/wp\/v2\/posts\/444\/revisions"}],"predecessor-version":[{"id":739,"href":"http:\/\/centrosoracionguadalupeint.com\/esp\/wp-json\/wp\/v2\/posts\/444\/revisions\/739"}],"wp:attachment":[{"href":"http:\/\/centrosoracionguadalupeint.com\/esp\/wp-json\/wp\/v2\/media?parent=444"}],"wp:term":[{"taxonomy":"category","embeddable":true,"href":"http:\/\/centrosoracionguadalupeint.com\/esp\/wp-json\/wp\/v2\/categories?post=444"},{"taxonomy":"post_tag","embeddable":true,"href":"http:\/\/centrosoracionguadalupeint.com\/esp\/wp-json\/wp\/v2\/tags?post=444"}],"curies":[{"name":"wp","href":"https:\/\/api.w.org\/{rel}","templated":true}]}}