{"id":446,"date":"2026-04-25T04:49:31","date_gmt":"2026-04-25T04:49:31","guid":{"rendered":"https:\/\/centrosoracionguadalupeint.com\/esp\/?p=446"},"modified":"2026-04-25T08:51:43","modified_gmt":"2026-04-25T08:51:43","slug":"misericordia-de-jesus","status":"publish","type":"post","link":"http:\/\/centrosoracionguadalupeint.com\/esp\/centros\/misericordia-de-jesus\/","title":{"rendered":"Misericordia de Jes\u00fas."},"content":{"rendered":"\n<h2 class=\"wp-block-heading\">Centro de Oraci\u00f3n de la Misericordia de Jes\u00fas. <\/h2>\n\n\n\n<h3 class=\"wp-block-heading\">Guadalajara, Jal, M\u00e9xico<\/h3>\n\n\n\n<div class=\"wp-block-columns is-layout-flex wp-container-core-columns-is-layout-9d6595d7 wp-block-columns-is-layout-flex\">\n<div class=\"wp-block-column is-layout-flow wp-block-column-is-layout-flow\" style=\"flex-basis:25%\">\n<figure class=\"wp-block-image size-full is-resized\"><img loading=\"lazy\" decoding=\"async\" width=\"711\" height=\"703\" src=\"https:\/\/centrosoracionguadalupeint.com\/esp\/wp-content\/uploads\/2026\/04\/guadalajara1.jpg\" alt=\"\" class=\"wp-image-559\" style=\"width:300px\" srcset=\"http:\/\/centrosoracionguadalupeint.com\/esp\/wp-content\/uploads\/2026\/04\/guadalajara1.jpg 711w, http:\/\/centrosoracionguadalupeint.com\/esp\/wp-content\/uploads\/2026\/04\/guadalajara1-300x297.jpg 300w, http:\/\/centrosoracionguadalupeint.com\/esp\/wp-content\/uploads\/2026\/04\/guadalajara1-303x300.jpg 303w\" sizes=\"auto, (max-width: 711px) 100vw, 711px\" \/><\/figure>\n\n\n\n<h2 class=\"wp-block-heading\">Directora<\/h2>\n\n\n\n<figure class=\"wp-block-image size-full\"><img loading=\"lazy\" decoding=\"async\" width=\"270\" height=\"400\" src=\"http:\/\/centrosoracionguadalupeint.com\/esp\/wp-content\/uploads\/2026\/04\/miembros10.jpg\" alt=\"\" class=\"wp-image-98\" srcset=\"http:\/\/centrosoracionguadalupeint.com\/esp\/wp-content\/uploads\/2026\/04\/miembros10.jpg 270w, http:\/\/centrosoracionguadalupeint.com\/esp\/wp-content\/uploads\/2026\/04\/miembros10-203x300.jpg 203w\" sizes=\"auto, (max-width: 270px) 100vw, 270px\" \/><\/figure>\n\n\n\n<h5 class=\"wp-block-heading\">Ruth S\u00e1nchez<\/h5>\n\n\n\n<p>Facebook:<br><a href=\"https:\/\/www.facebook.com\/Centro-de-Oraci%C3%B3n-de-la-Misericordia-de-Jes%C3%BAs-2149078915314687\">Centro de Oraci\u00f3n de la Misericordia de Jes\u00fas<\/a><\/p>\n\n\n\n<p>Youtube:<br><a href=\"https:\/\/www.youtube.com\/channel\/UCztriAzPCAwzIxqSkKYT_5A\">Centro Oraci\u00f3n de la Misericordia de Jes\u00fas<\/a><\/p>\n\n\n\n<p>Instagram:<br><a href=\"https:\/\/www.instagram.com\/centrooracionmj\">Centro Oraci\u00f3n de la Misericordia de Jes\u00fas<\/a><\/p>\n\n\n\n<p>Correo:<br><a href=\"mailto:centrooracionmj@gmail.com\">centrooracionmj@gmail.com<\/a><br><a href=\"file:\/\/\/Volumes\/GAQSA\/TRABAJOS%20LORTNA\/Centro%20de%20Oracio%CC%81n\/Centros%20de%20Oracion\/+52 3310621226\">+52 3310621226<\/a><\/p>\n\n\n\n<h4 class=\"wp-block-heading\">DIRECCI\u00d3N<\/h4>\n\n\n\n<p>Parroquia de Santa Mar\u00eda<br>de Guadalupe.<br>Calle Enrique G\u00f3mez Carrillo #5329.<br>Col. Vallarta Universidad<br>Zapopan, Jal., M\u00e9xico<\/p>\n<\/div>\n\n\n\n<div class=\"wp-block-column is-layout-flow wp-block-column-is-layout-flow\" style=\"flex-basis:66.66%\">\n<p>En el mes de septiembre de 1996 se reunieron las se\u00f1oras Rebeca Guti\u00e9rrez y Emma Fern\u00e1ndez. En esa reuni\u00f3n hablaron de la recuperaci\u00f3n tan considerable que hab\u00edan experimentado cada una en sus vidas al trabajar con los libros \u201cQuiero ser Libre\u201d y \u201cLibre de Adicciones\u201d. La experiencia tan liberadora y sanadora que vivieron les motiv\u00f3 a abrir el centro de oraci\u00f3n en la ciudad de Guadalajara.<\/p>\n\n\n\n<p>Recibieron la autorizaci\u00f3n de Mar\u00eda Esther y Elia Mar\u00eda Barnetche Pous (+) del Centro de Oraci\u00f3n del Sagrado Coraz\u00f3n de la Ciudad de M\u00e9xico<\/p>\n\n\n\n<p>Se inici\u00f3 en la ciudad de Guadalajara con seminarios intensivos en los que se trabajaba con el libro y manual de trabajo \u201cQuiero ser libre\u201d de las doctoras Barnetche. Al t\u00e9rmino de los seminarios, se formaban grupos con la intenci\u00f3n de dar seguimiento a las personas interesadas en seguir un proceso de sanaci\u00f3n.<\/p>\n\n\n\n<p>Despu\u00e9s, con el permiso de el Excelent\u00edsimo Se\u00f1or Obispo Don Jos\u00e9 Trinidad Gonz\u00e1lez Rodr\u00edguez se comenz\u00f3 a impartir talleres semanales en la Parroquia de San Javier de las Colinas. Enseguida se fueron incorporando a otras parroquias, como son: Santa Mar\u00eda de Guadalupe, San Ignacio de Loyola, Nuestra Se\u00f1ora de Montserrat, Radio Mar\u00eda, entre otras.<\/p>\n\n\n\n<p>En el a\u00f1o 2020 debido al covid dejamos de dar talleres presenciales. Fue en el a\u00f1o 2021 que comenzamos a dar talleres v\u00eda zoom. Y seguimos ofreciendo acompa\u00f1amiento a las personas que necesiten un proceso m\u00e1s profundo de sanaci\u00f3n.<\/p>\n\n\n\n<h2 class=\"wp-block-heading\">MISI\u00d3N<\/h2>\n\n\n\n<hr class=\"wp-block-separator has-alpha-channel-opacity is-style-wide\"\/>\n\n\n\n<p>Somos un grupo de Laicos que conjuntamente buscamos la sanaci\u00f3n integral de nuestra persona y nos hacemos responsables de nuestro proceso de crecimiento personal. Queremos llevar el amor sanador y la misericordia de Jes\u00fas a todas las personas con las que nos encontramos. Buscamos ayudar al crecimiento integral y sanaci\u00f3n f\u00edsica, emocional y espiritual de la gente, a trav\u00e9s de talleres y acompa\u00f1amiento en procesos personales de oraci\u00f3n.<br>\u201cMi Coraz\u00f3n est\u00e1 colmado de gran misericordia para las almas (\u2026) Oh, si pudieran comprender que Yo soy para ellas el mejor Padre, que para ellas de Mi Coraz\u00f3n ha brotado Sangre y Agua como de una fuente desbordante de misericordia; para ellas vivo en el tabern\u00e1culo; como Rey de Misericordia deseo colmar las almas de gracias\u201d Diario de Santa Mar\u00eda Faustina (367).<\/p>\n\n\n\n<figure class=\"wp-block-image size-full\"><img loading=\"lazy\" decoding=\"async\" width=\"711\" height=\"703\" src=\"https:\/\/centrosoracionguadalupeint.com\/esp\/wp-content\/uploads\/2026\/04\/guadalajara2.jpg\" alt=\"\" class=\"wp-image-561\" srcset=\"http:\/\/centrosoracionguadalupeint.com\/esp\/wp-content\/uploads\/2026\/04\/guadalajara2.jpg 711w, http:\/\/centrosoracionguadalupeint.com\/esp\/wp-content\/uploads\/2026\/04\/guadalajara2-300x297.jpg 300w, http:\/\/centrosoracionguadalupeint.com\/esp\/wp-content\/uploads\/2026\/04\/guadalajara2-303x300.jpg 303w\" sizes=\"auto, (max-width: 711px) 100vw, 711px\" \/><\/figure>\n\n\n\n<h2 class=\"wp-block-heading\">VISI\u00d3N<\/h2>\n\n\n\n<hr class=\"wp-block-separator has-alpha-channel-opacity\"\/>\n\n\n\n<p>Respondemos al llamado que Jes\u00fas nos hace para compartir con otros la sanaci\u00f3n que hemos experimentado.<br>Deseamos que todas las personas logremos nuestro crecimiento personal, y que sintamos el amor infinito que Dios Padre tiene por cada uno para que las personas al ser plenas y felices, construyan familias y comunidades de amor, erradicando la violencia y viviendo en la paz de Dios.<br>\u00bfAcaso olvida una madre a su ni\u00f1o de pecho, y deja de querer al hijo de sus entra\u00f1as? Pues, aunque ella se olvid\u00e9, yo no te olvidar\u00e9. F\u00edjate: te llevo tatuada en la palma de mis manos. Isa\u00edas 49, 15-16.<\/p>\n\n\n\n<h2 class=\"wp-block-heading\">TALLERES<\/h2>\n\n\n\n<hr class=\"wp-block-separator has-alpha-channel-opacity is-style-wide\"\/>\n\n\n\n<p>Todos los talleres cuentan con una metodolog\u00eda similar: sesiones de 2 horas semanales, se ofrece informaci\u00f3n te\u00f3rica, se realiza un trabajo personal y de oraci\u00f3n sobre cada tema.<br>Utilizamos libros de texto y manuales de trabajo escritos por expertos en cada materia, todo el material es autorizado por la Direcci\u00f3n General que se encuentra en el Distrito Federal.<\/p>\n\n\n\n<div class=\"wp-block-media-text is-stacked-on-mobile\" style=\"grid-template-columns:40% auto\"><figure class=\"wp-block-media-text__media\"><img loading=\"lazy\" decoding=\"async\" width=\"711\" height=\"703\" src=\"http:\/\/centrosoracionguadalupeint.com\/esp\/wp-content\/uploads\/2026\/04\/barcelona7.jpg\" alt=\"\" class=\"wp-image-674 size-full\" srcset=\"http:\/\/centrosoracionguadalupeint.com\/esp\/wp-content\/uploads\/2026\/04\/barcelona7.jpg 711w, http:\/\/centrosoracionguadalupeint.com\/esp\/wp-content\/uploads\/2026\/04\/barcelona7-300x297.jpg 300w, http:\/\/centrosoracionguadalupeint.com\/esp\/wp-content\/uploads\/2026\/04\/barcelona7-303x300.jpg 303w\" sizes=\"auto, (max-width: 711px) 100vw, 711px\" \/><\/figure><div class=\"wp-block-media-text__content\">\n<h5 class=\"wp-block-heading\">AUTOESTIMA<\/h5>\n\n\n\n<p>Nos permite descubrir como la falta de autoestima nos lleva a sabotear nuestros logros en la vida, estableciendo creencias equivocadas acerca de la dignidad y valor como personas, afectando las conductas, capacidades y el modo de relacionarnos en el \u00e1mbito familiar, laboral y social que impiden lograr nuestras metas.<\/p>\n<\/div><\/div>\n\n\n\n<div class=\"wp-block-media-text is-stacked-on-mobile\" style=\"grid-template-columns:40% auto\"><figure class=\"wp-block-media-text__media\"><img loading=\"lazy\" decoding=\"async\" width=\"711\" height=\"454\" src=\"http:\/\/centrosoracionguadalupeint.com\/esp\/wp-content\/uploads\/2026\/04\/barcelona8.jpg\" alt=\"\" class=\"wp-image-676 size-full\" srcset=\"http:\/\/centrosoracionguadalupeint.com\/esp\/wp-content\/uploads\/2026\/04\/barcelona8.jpg 711w, http:\/\/centrosoracionguadalupeint.com\/esp\/wp-content\/uploads\/2026\/04\/barcelona8-300x192.jpg 300w, http:\/\/centrosoracionguadalupeint.com\/esp\/wp-content\/uploads\/2026\/04\/barcelona8-470x300.jpg 470w\" sizes=\"auto, (max-width: 711px) 100vw, 711px\" \/><\/figure><div class=\"wp-block-media-text__content\">\n<h5 class=\"wp-block-heading\">CODEPENDENCIA<\/h5>\n\n\n\n<p>Este taller tiene como objetivo capacitarnos para elegir y entablar relaciones humanas m\u00e1s sanas.<\/p>\n<\/div><\/div>\n\n\n\n<div class=\"wp-block-media-text is-stacked-on-mobile is-vertically-aligned-top\" style=\"grid-template-columns:40% auto\"><figure class=\"wp-block-media-text__media\"><img loading=\"lazy\" decoding=\"async\" width=\"711\" height=\"703\" src=\"http:\/\/centrosoracionguadalupeint.com\/esp\/wp-content\/uploads\/2026\/04\/chihuahua5.jpg\" alt=\"\" class=\"wp-image-696 size-full\" srcset=\"http:\/\/centrosoracionguadalupeint.com\/esp\/wp-content\/uploads\/2026\/04\/chihuahua5.jpg 711w, http:\/\/centrosoracionguadalupeint.com\/esp\/wp-content\/uploads\/2026\/04\/chihuahua5-300x297.jpg 300w, http:\/\/centrosoracionguadalupeint.com\/esp\/wp-content\/uploads\/2026\/04\/chihuahua5-303x300.jpg 303w\" sizes=\"auto, (max-width: 711px) 100vw, 711px\" \/><\/figure><div class=\"wp-block-media-text__content\">\n<h5 class=\"wp-block-heading\">P\u00c9RDIDAS Y DUELOS<\/h5>\n\n\n\n<p>Dicen que la \u00fanica constante en la vida es el cambio, esto implica dejar parte de lo que tenemos para recibir lo nuevo; adaptarnos a los cambios implica renunciar a las viejas estructuras. Aprender lo que son las p\u00e9rdidas, lo que es el proceso de duelo y c\u00f3mo podemos vivir un duelo a la vez.<\/p>\n<\/div><\/div>\n\n\n\n<div class=\"wp-block-media-text is-stacked-on-mobile is-vertically-aligned-top\" style=\"grid-template-columns:40% auto\"><figure class=\"wp-block-media-text__media\"><img loading=\"lazy\" decoding=\"async\" width=\"711\" height=\"402\" src=\"http:\/\/centrosoracionguadalupeint.com\/esp\/wp-content\/uploads\/2026\/04\/barcelona3.jpg\" alt=\"\" class=\"wp-image-665 size-full\" srcset=\"http:\/\/centrosoracionguadalupeint.com\/esp\/wp-content\/uploads\/2026\/04\/barcelona3.jpg 711w, http:\/\/centrosoracionguadalupeint.com\/esp\/wp-content\/uploads\/2026\/04\/barcelona3-300x170.jpg 300w, http:\/\/centrosoracionguadalupeint.com\/esp\/wp-content\/uploads\/2026\/04\/barcelona3-531x300.jpg 531w\" sizes=\"auto, (max-width: 711px) 100vw, 711px\" \/><\/figure><div class=\"wp-block-media-text__content\">\n<h5 class=\"wp-block-heading\">DE LA DEPRESI\u00d3N A LA ESPERANZA<\/h5>\n\n\n\n<p>Que la persona en depresi\u00f3n encuentre en s\u00ed misma las herramientas y t\u00e9cnicas de comportamiento que la mantenga en un equilibrio y sobrevivencia continuos en el camino hacia la recuperaci\u00f3n.<\/p>\n<\/div><\/div>\n\n\n\n<div class=\"wp-block-media-text is-stacked-on-mobile is-vertically-aligned-top\" style=\"grid-template-columns:40% auto\"><figure class=\"wp-block-media-text__media\"><img loading=\"lazy\" decoding=\"async\" width=\"1024\" height=\"615\" src=\"http:\/\/centrosoracionguadalupeint.com\/esp\/wp-content\/uploads\/2026\/04\/austin-3-1-1024x615.jpg\" alt=\"\" class=\"wp-image-664 size-full\" srcset=\"http:\/\/centrosoracionguadalupeint.com\/esp\/wp-content\/uploads\/2026\/04\/austin-3-1-1024x615.jpg 1024w, http:\/\/centrosoracionguadalupeint.com\/esp\/wp-content\/uploads\/2026\/04\/austin-3-1-300x180.jpg 300w, http:\/\/centrosoracionguadalupeint.com\/esp\/wp-content\/uploads\/2026\/04\/austin-3-1-768x461.jpg 768w, http:\/\/centrosoracionguadalupeint.com\/esp\/wp-content\/uploads\/2026\/04\/austin-3-1-499x300.jpg 499w, http:\/\/centrosoracionguadalupeint.com\/esp\/wp-content\/uploads\/2026\/04\/austin-3-1.jpg 1170w\" sizes=\"auto, (max-width: 1024px) 100vw, 1024px\" \/><\/figure><div class=\"wp-block-media-text__content\">\n<h5 class=\"wp-block-heading\">CURSO DE ESPIRITUALIDAD Y SANACI\u00d3N INTERIOR<\/h5>\n\n\n\n<p>siguiendo los ejercicios de San Ignacio de Loyola aprenderemos a vivir como laicos en el Esp\u00edritu de Jes\u00fas.<\/p>\n<\/div><\/div>\n\n\n\n<div class=\"wp-block-media-text is-stacked-on-mobile is-vertically-aligned-top\" style=\"grid-template-columns:40% auto\"><figure class=\"wp-block-media-text__media\"><img loading=\"lazy\" decoding=\"async\" width=\"711\" height=\"703\" src=\"http:\/\/centrosoracionguadalupeint.com\/esp\/wp-content\/uploads\/2026\/04\/barcelona4.jpg\" alt=\"\" class=\"wp-image-668 size-full\" srcset=\"http:\/\/centrosoracionguadalupeint.com\/esp\/wp-content\/uploads\/2026\/04\/barcelona4.jpg 711w, http:\/\/centrosoracionguadalupeint.com\/esp\/wp-content\/uploads\/2026\/04\/barcelona4-300x297.jpg 300w, http:\/\/centrosoracionguadalupeint.com\/esp\/wp-content\/uploads\/2026\/04\/barcelona4-303x300.jpg 303w\" sizes=\"auto, (max-width: 711px) 100vw, 711px\" \/><\/figure><div class=\"wp-block-media-text__content\">\n<h5 class=\"wp-block-heading\">EL PERD\u00d3N<\/h5>\n\n\n\n<p>En este taller daremos a conocer que es el perd\u00f3n y viviremos el proceso mediante los cinco pasos que nos llevan a \u00e9l.<\/p>\n<\/div><\/div>\n\n\n\n<div class=\"wp-block-media-text is-stacked-on-mobile\" style=\"grid-template-columns:40% auto\"><figure class=\"wp-block-media-text__media\"><img loading=\"lazy\" decoding=\"async\" width=\"711\" height=\"703\" src=\"http:\/\/centrosoracionguadalupeint.com\/esp\/wp-content\/uploads\/2026\/04\/mexico14.jpg\" alt=\"\" class=\"wp-image-721 size-full\" srcset=\"http:\/\/centrosoracionguadalupeint.com\/esp\/wp-content\/uploads\/2026\/04\/mexico14.jpg 711w, http:\/\/centrosoracionguadalupeint.com\/esp\/wp-content\/uploads\/2026\/04\/mexico14-300x297.jpg 300w, http:\/\/centrosoracionguadalupeint.com\/esp\/wp-content\/uploads\/2026\/04\/mexico14-303x300.jpg 303w\" sizes=\"auto, (max-width: 711px) 100vw, 711px\" \/><\/figure><div class=\"wp-block-media-text__content\">\n<h5 class=\"wp-block-heading\">RECUPERACI\u00d3N<\/h5>\n\n\n\n<p>Es requisito para participar de este taller haber cursado los talleres anteriores y haber iniciado un proceso de recuperaci\u00f3n que nos permita abordar con mayor profundidad los temas del abuso, los l\u00edmites, el manejo del dinero y la usurpaci\u00f3n de roles.<\/p>\n<\/div><\/div>\n\n\n\n<div class=\"wp-block-media-text is-stacked-on-mobile is-vertically-aligned-top\" style=\"grid-template-columns:40% auto\"><figure class=\"wp-block-media-text__media\"><img loading=\"lazy\" decoding=\"async\" width=\"711\" height=\"703\" src=\"http:\/\/centrosoracionguadalupeint.com\/esp\/wp-content\/uploads\/2026\/04\/chihuahua10.jpg\" alt=\"\" class=\"wp-image-670 size-full\" srcset=\"http:\/\/centrosoracionguadalupeint.com\/esp\/wp-content\/uploads\/2026\/04\/chihuahua10.jpg 711w, http:\/\/centrosoracionguadalupeint.com\/esp\/wp-content\/uploads\/2026\/04\/chihuahua10-300x297.jpg 300w, http:\/\/centrosoracionguadalupeint.com\/esp\/wp-content\/uploads\/2026\/04\/chihuahua10-303x300.jpg 303w\" sizes=\"auto, (max-width: 711px) 100vw, 711px\" \/><\/figure><div class=\"wp-block-media-text__content\">\n<h5 class=\"wp-block-heading\">SANANDO MI HISTORIA<\/h5>\n\n\n\n<p>Conocer los rasgos de madurez de cada etapa de la vida para comprender las propias carencias y necesidades, y recuperar lo que no obtuvimos en su momento.<\/p>\n<\/div><\/div>\n\n\n\n<div class=\"wp-block-media-text is-stacked-on-mobile\" style=\"grid-template-columns:40% auto\"><figure class=\"wp-block-media-text__media\"><img loading=\"lazy\" decoding=\"async\" width=\"711\" height=\"311\" src=\"https:\/\/centrosoracionguadalupeint.com\/esp\/wp-content\/uploads\/2026\/04\/guadalajara3.jpg\" alt=\"\" class=\"wp-image-745 size-full\" srcset=\"http:\/\/centrosoracionguadalupeint.com\/esp\/wp-content\/uploads\/2026\/04\/guadalajara3.jpg 711w, http:\/\/centrosoracionguadalupeint.com\/esp\/wp-content\/uploads\/2026\/04\/guadalajara3-300x131.jpg 300w, http:\/\/centrosoracionguadalupeint.com\/esp\/wp-content\/uploads\/2026\/04\/guadalajara3-673x294.jpg 673w\" sizes=\"auto, (max-width: 711px) 100vw, 711px\" \/><\/figure><div class=\"wp-block-media-text__content\">\n<h5 class=\"wp-block-heading\">MINISTERIO DE ORACI\u00d3N POR SANACI\u00d3N<\/h5>\n\n\n\n<p>Para tomar esta preparaci\u00f3n es necesario haber participado en todos los talleres anteriores. El objetivo de este ministerio es ense\u00f1ar a acompa\u00f1ar a las personas que necesiten ser escuchadas y pidan oraci\u00f3n. Durante \u00e9ste proceso se recorre en oraci\u00f3n, la vida desde su concepci\u00f3n hasta el momento presente.<\/p>\n<\/div><\/div>\n\n\n\n<div class=\"wp-block-media-text is-stacked-on-mobile is-vertically-aligned-top\" style=\"grid-template-columns:40% auto\"><figure class=\"wp-block-media-text__media\"><img loading=\"lazy\" decoding=\"async\" width=\"711\" height=\"703\" src=\"https:\/\/centrosoracionguadalupeint.com\/esp\/wp-content\/uploads\/2026\/04\/guadalajara.jpg\" alt=\"\" class=\"wp-image-746 size-full\" srcset=\"http:\/\/centrosoracionguadalupeint.com\/esp\/wp-content\/uploads\/2026\/04\/guadalajara.jpg 711w, http:\/\/centrosoracionguadalupeint.com\/esp\/wp-content\/uploads\/2026\/04\/guadalajara-300x297.jpg 300w, http:\/\/centrosoracionguadalupeint.com\/esp\/wp-content\/uploads\/2026\/04\/guadalajara-303x300.jpg 303w\" sizes=\"auto, (max-width: 711px) 100vw, 711px\" \/><\/figure><div class=\"wp-block-media-text__content\">\n<h5 class=\"wp-block-heading\">LA SABIDUR\u00cdA DE MI CUERPO<\/h5>\n\n\n\n<p>Conocer los rasgos de madurez de cada etapa de la vida para comprender las propias carencias y necesidades, y recuperar lo que no obtuvimos en su momento.<\/p>\n<\/div><\/div>\n\n\n\n<div class=\"wp-block-media-text is-stacked-on-mobile is-vertically-aligned-top\" style=\"grid-template-columns:40% auto\"><figure class=\"wp-block-media-text__media\"><img loading=\"lazy\" decoding=\"async\" width=\"711\" height=\"703\" src=\"http:\/\/centrosoracionguadalupeint.com\/esp\/wp-content\/uploads\/2026\/04\/mexico6.jpg\" alt=\"\" class=\"wp-image-711 size-full\" srcset=\"http:\/\/centrosoracionguadalupeint.com\/esp\/wp-content\/uploads\/2026\/04\/mexico6.jpg 711w, http:\/\/centrosoracionguadalupeint.com\/esp\/wp-content\/uploads\/2026\/04\/mexico6-300x297.jpg 300w, http:\/\/centrosoracionguadalupeint.com\/esp\/wp-content\/uploads\/2026\/04\/mexico6-303x300.jpg 303w\" sizes=\"auto, (max-width: 711px) 100vw, 711px\" \/><\/figure><div class=\"wp-block-media-text__content\">\n<h5 class=\"wp-block-heading\">ORAR PARA SANAR LAS HERIDAS<\/h5>\n\n\n\n<p>Conocer los rasgos de madurez de cada etapa de la vida para comprender las propias carencias y necesidades, y recuperar lo que no obtuvimos en su momento.<\/p>\n<\/div><\/div>\n<\/div>\n<\/div>\n","protected":false},"excerpt":{"rendered":"<p>Centro de Oraci\u00f3n de la Misericordia de Jes\u00fas. Guadalajara, Jal, M\u00e9xico Directora Ruth S\u00e1nchez Facebook:Centro de Oraci\u00f3n de la Misericordia de Jes\u00fas Youtube:Centro Oraci\u00f3n de la Misericordia de Jes\u00fas Instagram:Centro Oraci\u00f3n de la Misericordia de Jes\u00fas Correo:centrooracionmj@gmail.com+52 &hellip;<\/p>\n","protected":false},"author":1,"featured_media":0,"comment_status":"closed","ping_status":"closed","sticky":false,"template":"","format":"standard","meta":{"footnotes":""},"categories":[11],"tags":[],"class_list":["post-446","post","type-post","status-publish","format-standard","hentry","category-centros"],"_links":{"self":[{"href":"http:\/\/centrosoracionguadalupeint.com\/esp\/wp-json\/wp\/v2\/posts\/446","targetHints":{"allow":["GET"]}}],"collection":[{"href":"http:\/\/centrosoracionguadalupeint.com\/esp\/wp-json\/wp\/v2\/posts"}],"about":[{"href":"http:\/\/centrosoracionguadalupeint.com\/esp\/wp-json\/wp\/v2\/types\/post"}],"author":[{"embeddable":true,"href":"http:\/\/centrosoracionguadalupeint.com\/esp\/wp-json\/wp\/v2\/users\/1"}],"replies":[{"embeddable":true,"href":"http:\/\/centrosoracionguadalupeint.com\/esp\/wp-json\/wp\/v2\/comments?post=446"}],"version-history":[{"count":13,"href":"http:\/\/centrosoracionguadalupeint.com\/esp\/wp-json\/wp\/v2\/posts\/446\/revisions"}],"predecessor-version":[{"id":748,"href":"http:\/\/centrosoracionguadalupeint.com\/esp\/wp-json\/wp\/v2\/posts\/446\/revisions\/748"}],"wp:attachment":[{"href":"http:\/\/centrosoracionguadalupeint.com\/esp\/wp-json\/wp\/v2\/media?parent=446"}],"wp:term":[{"taxonomy":"category","embeddable":true,"href":"http:\/\/centrosoracionguadalupeint.com\/esp\/wp-json\/wp\/v2\/categories?post=446"},{"taxonomy":"post_tag","embeddable":true,"href":"http:\/\/centrosoracionguadalupeint.com\/esp\/wp-json\/wp\/v2\/tags?post=446"}],"curies":[{"name":"wp","href":"https:\/\/api.w.org\/{rel}","templated":true}]}}