{"id":448,"date":"2026-04-25T04:50:34","date_gmt":"2026-04-25T04:50:34","guid":{"rendered":"https:\/\/centrosoracionguadalupeint.com\/esp\/?p=448"},"modified":"2026-04-25T10:17:05","modified_gmt":"2026-04-25T10:17:05","slug":"san-juan-bautista","status":"publish","type":"post","link":"http:\/\/centrosoracionguadalupeint.com\/esp\/centros\/san-juan-bautista\/","title":{"rendered":"San Juan Bautista."},"content":{"rendered":"\n<h2 class=\"wp-block-heading\">Centro de Oraci\u00f3n San Juan Bautista. <\/h2>\n\n\n\n<h3 class=\"wp-block-heading\"> Heredia, Costa Rica<\/h3>\n\n\n\n<div class=\"wp-block-columns is-layout-flex wp-container-core-columns-is-layout-9d6595d7 wp-block-columns-is-layout-flex\">\n<div class=\"wp-block-column is-layout-flow wp-block-column-is-layout-flow\" style=\"flex-basis:25%\">\n<figure class=\"wp-block-image size-full is-resized\"><img loading=\"lazy\" decoding=\"async\" width=\"1080\" height=\"1080\" src=\"http:\/\/centrosoracionguadalupeint.com\/esp\/wp-content\/uploads\/2026\/04\/logo-san-juan-bautista-final.png\" alt=\"\" class=\"wp-image-817\" style=\"width:300px\" srcset=\"http:\/\/centrosoracionguadalupeint.com\/esp\/wp-content\/uploads\/2026\/04\/logo-san-juan-bautista-final.png 1080w, http:\/\/centrosoracionguadalupeint.com\/esp\/wp-content\/uploads\/2026\/04\/logo-san-juan-bautista-final-300x300.png 300w, http:\/\/centrosoracionguadalupeint.com\/esp\/wp-content\/uploads\/2026\/04\/logo-san-juan-bautista-final-1024x1024.png 1024w, http:\/\/centrosoracionguadalupeint.com\/esp\/wp-content\/uploads\/2026\/04\/logo-san-juan-bautista-final-150x150.png 150w, http:\/\/centrosoracionguadalupeint.com\/esp\/wp-content\/uploads\/2026\/04\/logo-san-juan-bautista-final-768x768.png 768w\" sizes=\"auto, (max-width: 1080px) 100vw, 1080px\" \/><\/figure>\n\n\n\n<h2 class=\"wp-block-heading\">Directora<\/h2>\n\n\n\n<figure class=\"wp-block-image size-full is-resized\"><img loading=\"lazy\" decoding=\"async\" width=\"1143\" height=\"1077\" src=\"http:\/\/centrosoracionguadalupeint.com\/esp\/wp-content\/uploads\/2026\/04\/Lore-y-Roynel.jpg\" alt=\"\" class=\"wp-image-819\" style=\"aspect-ratio:1.0613032314748974;width:288px;height:auto\" srcset=\"http:\/\/centrosoracionguadalupeint.com\/esp\/wp-content\/uploads\/2026\/04\/Lore-y-Roynel.jpg 1143w, http:\/\/centrosoracionguadalupeint.com\/esp\/wp-content\/uploads\/2026\/04\/Lore-y-Roynel-300x283.jpg 300w, http:\/\/centrosoracionguadalupeint.com\/esp\/wp-content\/uploads\/2026\/04\/Lore-y-Roynel-1024x965.jpg 1024w, http:\/\/centrosoracionguadalupeint.com\/esp\/wp-content\/uploads\/2026\/04\/Lore-y-Roynel-768x724.jpg 768w, http:\/\/centrosoracionguadalupeint.com\/esp\/wp-content\/uploads\/2026\/04\/Lore-y-Roynel-318x300.jpg 318w\" sizes=\"auto, (max-width: 1143px) 100vw, 1143px\" \/><\/figure>\n\n\n\n<h5 class=\"wp-block-heading\">Sra. Mar\u00eda Lorena Dur\u00e1n Le\u00f3n y <br>Sr. Roynel Gerardo Rodr\u00edguez Prendas<\/h5>\n\n\n\n<p>Correo:<br><a href=\"mailto:sanjuanbautistacentro@gmail.com\">sanjuanbautistacentro@gmail.com<\/a> <\/p>\n\n\n\n<p><a href=\"file:\/\/\/Volumes\/GAQSA\/TRABAJOS%20LORTNA\/Centro%20de%20Oracio%CC%81n\/Centros%20de%20Oracion\/+506 8307 5775\">+506 8307 5775<\/a><br><a href=\"http:\/\/www.centrodeoracioncr.com\" class=\"\"><strong>WEB<\/strong><\/a><\/p>\n\n\n\n<h4 class=\"wp-block-heading\">DIRECCI\u00d3N<\/h4>\n\n\n\n<p>Iglesia de San Pedro de Barva<br>Heredia, Barva,<br>Costa Rica<\/p>\n<\/div>\n\n\n\n<div class=\"wp-block-column is-layout-flow wp-block-column-is-layout-flow\" style=\"flex-basis:66.66%\">\n<p>Durante abril del 2007 el matrimonio Manuel P\u00e9rez y Josefina Ord\u00f3\u00f1ez, del Centro de Oraci\u00f3n San Jos\u00e9 (Chihuahua, M\u00e9xico), visitan Costa Rica por primera vez para impartir el Taller Jes\u00fas Libera I en la Parroquia de San Pedro de Barva, invitados por el Cura P\u00e1rroco Eladio Solano.<\/p>\n\n\n\n<p>En ese momento los esposos Jes\u00fas S\u00e1nchez y Lilliana Carballo hospedaron y atendieron al matrimonio P\u00e9rez Ord\u00f3\u00f1ez, surgiendo as\u00ed un v\u00ednculo con el Centro San Jos\u00e9. Un a\u00f1o despu\u00e9s los se\u00f1ores P\u00e9rez Ordo\u00f1ez vuelven a visitar Costa Rica e imparten otros talleres y capacitaciones para formar en Costa Rica un CENTRO DE ORACI\u00d3N Y SANACION INTERIOR. En este momento inicia la participaci\u00f3n activa de varias personas que inician el Centro de Oraci\u00f3n San Juan Bautista con la direcci\u00f3n del matrimonio S\u00e1nchez Carballo, nuestros fundadores.<\/p>\n\n\n\n<p>Sin embargo, es hasta el a\u00f1o 2008 que nos visitan las Doctoras Elia Mar\u00eda [+] y Mar\u00eda Ester Barnetche, esta \u00faltima, directora General de la Sociedad Nuestra Se\u00f1ora de Guadalupe (instituci\u00f3n que une y da presencia a todos los Centros de Oraci\u00f3n dentro de la Iglesia Cat\u00f3lica para nombrarnos oficialmente como Centro de Oraci\u00f3n.<\/p>\n\n\n\n<p>El grupo inicia con el programa del PADRE JAMES WHELLER: Escuela de Crecimiento Espiritual y Sanaci\u00f3n Interior. El Padre J. Wheller, es sacerdote Jesuita y ha sido inspirado para crear este proceso de sanaci\u00f3n de 28 pasos, basado en su espiritualidad Ignaciana y los ejercicios espirituales de SAN IGNACIO DE LOYOLA, orientando todo este trabajo a la sanaci\u00f3n interior, teniendo como finalidad el conocimiento de Jes\u00fas:<\/p>\n\n\n\n<p><em>\u00abConocerlo a \u00c9l es ir penetrando en Su Palabra, entenderla y hacerla parte de nuestra vida. Seguimos a las generaciones anteriores en la Iglesia que han buscado el sentido de Su Vida en el Nuevo Testamento y han tratado de leerlo, interpretarlo para hacerse parte de \u00e9l. El conocer su Palabra nos ayuda a emprender el viaje comunitario y la b\u00fasqueda en la Iglesia hasta encontrar la presencia de Cristo. De la misma manera que los miembros del Cuerpo han dado su vida por El y han descubierto que \u00c9l ya la dio primero por ellos, nosotros queremos dar nuestra propia vida y as\u00ed encontrar nuestra uni\u00f3n con todo ese Cuerpo M\u00edstico\u00bb.<\/em><strong> P. James J. Wheller S.J.<\/strong> <em><strong>\u00abEscuela de Crecimiento Espiritual y Sanaci\u00f3n Interior\u00bb<\/strong><\/em>.<\/p>\n\n\n\n<p><strong>COMUNIDADES<br><\/strong> Las comunidades activas en nuestro Centro de Oraci\u00f3n, que se ubican en las provincias: Cartago, San Jos\u00e9, Heredia, Alajuela y Lim\u00f3n correspondientes a las siguientes Di\u00f3cesis: Di\u00f3cesis de Cartago, Arquidi\u00f3cesis (San Jos\u00e9 y Heredia) y Di\u00f3cesis de Alajuela.<br>Las comunidades son las siguientes:<\/p>\n\n\n\n<ul class=\"wp-block-list\">\n<li>Plenitud<\/li>\n\n\n\n<li>Muchosidad<\/li>\n\n\n\n<li>Mar\u00eda Inmaculada Concepci\u00f3n<\/li>\n\n\n\n<li>Renacer con Jes\u00fas y Mar\u00eda<\/li>\n\n\n\n<li>Pasos de esperanza<\/li>\n\n\n\n<li>Un camino hacia el perd\u00f3n<\/li>\n\n\n\n<li>Divina Misericordia<\/li>\n\n\n\n<li>Santa Madre de Calcuta<\/li>\n\n\n\n<li>Glorioso San Jos\u00e9<\/li>\n\n\n\n<li>La Gracia de Dios<\/li>\n\n\n\n<li>Luz de misericordia<\/li>\n\n\n\n<li>Las Samaritanas<\/li>\n\n\n\n<li>Jes\u00fas es mi Pastor<\/li>\n\n\n\n<li>Luis Amig\u00f3<\/li>\n\n\n\n<li>Las Vasijas del alfarero<\/li>\n\n\n\n<li>La alegr\u00eda del amor<\/li>\n\n\n\n<li>Confianza en Jes\u00fas<\/li>\n\n\n\n<li>Sanando con Jes\u00fas<\/li>\n<\/ul>\n\n\n\n<p>Tambi\u00e9n contamos con procesos \u201cpuente\u201d, que son en realidad futuras comunidades que se siguen repasando los talleres de Jes\u00fas Libera I y Jes\u00fas Libera II, una vez que el proceso finalice tendremos nuevas comunidades al servicio. En este momento contamos con los siguientes puentes:<\/p>\n\n\n\n<ul class=\"wp-block-list\">\n<li>1. Dos puentes en Ipis, Guadalupe<\/li>\n\n\n\n<li>2. Puente en el Roble de Heredia<\/li>\n\n\n\n<li>3. Dos puentes Palmares (presencial \u2013 virtual)<\/li>\n\n\n\n<li>Puente de Heredia<\/li>\n\n\n\n<li>Puente en San Jos\u00e9<\/li>\n\n\n\n<li>Puente en Cartago<\/li>\n<\/ul>\n\n\n\n<p>Nuestro Centro de Oraci\u00f3n y Sanaci\u00f3n Interior San Juan Bautista, Costa Rica, a partir del 8 marzo del 2025, est\u00e1 representado por los nuevos directores: \u00a0el matrimonio Rodr\u00edguez Dur\u00e1n integrado por Roynel Rodr\u00edguez Prendas y Mar\u00eda Lorena Dur\u00e1n Le\u00f3n, quienes asumieron la direcci\u00f3n del Centro, con una misa de consagraci\u00f3n, donde nuestro director espiritual el Padre Eladio Solano estuvo a cargo.<\/p>\n\n\n\n<p>El Concejo acompa\u00f1a a los directores en las actividades planteadas y relacionadas para el desarrollo de nuestro ministerio de sanaci\u00f3n interior, para las personas que buscan nuestro servicio. Este equipo est\u00e1 constituido por los siguientes miembros: Andrea Delgado, Hellen Artavia, Rebeca Montero, Hazel Montero, Olga Vargas, William Jim\u00e9nez, Mar\u00eda Isabel Losilla, Mar\u00eda Auxiliadora Vargas y Roc\u00edo Goyenaga. Adem\u00e1s de los exdirectores Jes\u00fas S\u00e1nchez y Vilma Vargas.<\/p>\n\n\n\n<h2 class=\"wp-block-heading\">MISI\u00d3N<\/h2>\n\n\n\n<hr class=\"wp-block-separator has-alpha-channel-opacity is-style-wide\"\/>\n\n\n\n<p>Que cada persona descubra el valor de ser persona y su potencial humano.Que cada persona desarrolle el don de la libertad a trav\u00e9s de la sanaci\u00f3n integral. Que a trav\u00e9s del proceso de sanaci\u00f3n personal y grupal se propicie un encuentro personal con el amor misericordioso de Jes\u00fas.<\/p>\n\n\n\n<p>Destacamos dos objetivos b\u00e1sicos a lo interno y a lo externo del Centro respectivamente: Acompa\u00f1amiento individual y grupal mediante la escucha y la oraci\u00f3n. Lograr un crecimiento espiritual continuo a trav\u00e9s de un proceso de sanaci\u00f3n interior, mediante la vivencia en una comunidad del Centro de Oraci\u00f3n.<\/p>\n\n\n\n<figure class=\"wp-block-image size-full\"><img loading=\"lazy\" decoding=\"async\" width=\"711\" height=\"703\" src=\"https:\/\/centrosoracionguadalupeint.com\/esp\/wp-content\/uploads\/2026\/04\/heredia2.jpg\" alt=\"\" class=\"wp-image-568\" srcset=\"http:\/\/centrosoracionguadalupeint.com\/esp\/wp-content\/uploads\/2026\/04\/heredia2.jpg 711w, http:\/\/centrosoracionguadalupeint.com\/esp\/wp-content\/uploads\/2026\/04\/heredia2-300x297.jpg 300w, http:\/\/centrosoracionguadalupeint.com\/esp\/wp-content\/uploads\/2026\/04\/heredia2-303x300.jpg 303w\" sizes=\"auto, (max-width: 711px) 100vw, 711px\" \/><\/figure>\n\n\n\n<h2 class=\"wp-block-heading\">TALLERES<\/h2>\n\n\n\n<hr class=\"wp-block-separator has-alpha-channel-opacity is-style-wide\"\/>\n\n\n\n<div class=\"wp-block-media-text is-stacked-on-mobile\" style=\"grid-template-columns:40% auto\"><figure class=\"wp-block-media-text__media\"><img loading=\"lazy\" decoding=\"async\" width=\"711\" height=\"454\" src=\"http:\/\/centrosoracionguadalupeint.com\/esp\/wp-content\/uploads\/2026\/04\/barcelona8.jpg\" alt=\"\" class=\"wp-image-676 size-full\" srcset=\"http:\/\/centrosoracionguadalupeint.com\/esp\/wp-content\/uploads\/2026\/04\/barcelona8.jpg 711w, http:\/\/centrosoracionguadalupeint.com\/esp\/wp-content\/uploads\/2026\/04\/barcelona8-300x192.jpg 300w, http:\/\/centrosoracionguadalupeint.com\/esp\/wp-content\/uploads\/2026\/04\/barcelona8-470x300.jpg 470w\" sizes=\"auto, (max-width: 711px) 100vw, 711px\" \/><\/figure><div class=\"wp-block-media-text__content\">\n<h5 class=\"wp-block-heading\">JES\u00daS LIBERA 1<\/h5>\n\n\n\n<p>Centrado en descubrir las ra\u00edces de las relaciones destructivas y enfermas para poder vivir m\u00e1s sana y equilibradamente, pidiendo la Misericordia de Jes\u00fas para sanar las heridas y llenar las carencias con Su amor.<\/p>\n<\/div><\/div>\n\n\n\n<div class=\"wp-block-media-text is-stacked-on-mobile is-vertically-aligned-top\" style=\"grid-template-columns:40% auto\"><figure class=\"wp-block-media-text__media\"><img loading=\"lazy\" decoding=\"async\" width=\"711\" height=\"703\" src=\"http:\/\/centrosoracionguadalupeint.com\/esp\/wp-content\/uploads\/2026\/04\/barcelona7.jpg\" alt=\"\" class=\"wp-image-674 size-full\" srcset=\"http:\/\/centrosoracionguadalupeint.com\/esp\/wp-content\/uploads\/2026\/04\/barcelona7.jpg 711w, http:\/\/centrosoracionguadalupeint.com\/esp\/wp-content\/uploads\/2026\/04\/barcelona7-300x297.jpg 300w, http:\/\/centrosoracionguadalupeint.com\/esp\/wp-content\/uploads\/2026\/04\/barcelona7-303x300.jpg 303w\" sizes=\"auto, (max-width: 711px) 100vw, 711px\" \/><\/figure><div class=\"wp-block-media-text__content\">\n<h5 class=\"wp-block-heading\">JES\u00daS LIBERA 2<\/h5>\n\n\n\n<p>Dise\u00f1ado para llevar a las personas a un proceso de perd\u00f3n y sanar las heridas por rechazo, abandono o abuso. Sinti\u00e9ndose amadas por Dios Padre, Jes\u00fas y Mar\u00eda, abri\u00e9ndose a recibir el amor y el Poder del Esp\u00edritu Santo para vivir sin resentimientos.<\/p>\n<\/div><\/div>\n\n\n\n<div class=\"wp-block-media-text is-stacked-on-mobile is-vertically-aligned-top\" style=\"grid-template-columns:40% auto\"><figure class=\"wp-block-media-text__media\"><img loading=\"lazy\" decoding=\"async\" width=\"711\" height=\"703\" src=\"http:\/\/centrosoracionguadalupeint.com\/esp\/wp-content\/uploads\/2026\/04\/chihuahua11.jpg\" alt=\"\" class=\"wp-image-702 size-full\" srcset=\"http:\/\/centrosoracionguadalupeint.com\/esp\/wp-content\/uploads\/2026\/04\/chihuahua11.jpg 711w, http:\/\/centrosoracionguadalupeint.com\/esp\/wp-content\/uploads\/2026\/04\/chihuahua11-300x297.jpg 300w, http:\/\/centrosoracionguadalupeint.com\/esp\/wp-content\/uploads\/2026\/04\/chihuahua11-303x300.jpg 303w\" sizes=\"auto, (max-width: 711px) 100vw, 711px\" \/><\/figure><div class=\"wp-block-media-text__content\">\n<h5 class=\"wp-block-heading\">LIBRE DE ABUSOS<\/h5>\n\n\n\n<p>Este taller ayuda a reconocer, confrontar y sanar los diferentes tipos de abuso que una persona puede haber sufrido a lo largo de su vida. Se busca que la persona pueda sanar los efectos de abusos sufridos desde el vientre y ni\u00f1ez, hasta su etapa de vida actual, a trav\u00e9s de oraci\u00f3n, basado en textos b\u00edblicos, con t\u00e9cnicas de enfoque bioespiritual.<\/p>\n<\/div><\/div>\n\n\n\n<div class=\"wp-block-media-text is-stacked-on-mobile is-vertically-aligned-top\" style=\"grid-template-columns:40% auto\"><figure class=\"wp-block-media-text__media\"><img loading=\"lazy\" decoding=\"async\" width=\"711\" height=\"703\" src=\"http:\/\/centrosoracionguadalupeint.com\/esp\/wp-content\/uploads\/2026\/04\/barcelona10.jpg\" alt=\"\" class=\"wp-image-682 size-full\" srcset=\"http:\/\/centrosoracionguadalupeint.com\/esp\/wp-content\/uploads\/2026\/04\/barcelona10.jpg 711w, http:\/\/centrosoracionguadalupeint.com\/esp\/wp-content\/uploads\/2026\/04\/barcelona10-300x297.jpg 300w, http:\/\/centrosoracionguadalupeint.com\/esp\/wp-content\/uploads\/2026\/04\/barcelona10-303x300.jpg 303w\" sizes=\"auto, (max-width: 711px) 100vw, 711px\" \/><\/figure><div class=\"wp-block-media-text__content\">\n<h5 class=\"wp-block-heading\">SERVICIO DE ACOMPA\u00d1AMIENTO Y ESCUCHA<\/h5>\n\n\n\n<p>El Centro de Oraci\u00f3n, mediante muchos de sus miembros que cuentan con un gran carisma de servicio, y a trav\u00e9s del don de la escucha, se ha proyectado tanto a lo interno como a lo externo del mismo.<br><br>Hemos visto a lo largo de nuestro proceso de sanaci\u00f3n, como la gran mayor\u00eda de las personas viene a los talleres a aprender, pero m\u00e1s que esto, con una gran necesidad de ser escuchados y este ha sido en gran parte nuestra misi\u00f3n.<br><br>Por tanto, nos hemos dado a la tarea de escuchar a miembros de diversos sectores de las comunidades y grupos con los que tenemos contacto:<\/p>\n\n\n\n<ul class=\"wp-block-list\">\n<li><a href=\"file:\/\/\/Volumes\/GAQSA\/TRABAJOS%20LORTNA\/Centro%20de%20Oracio%CC%81n\/Centros%20de%20Oracion\/heredia.html#\">Laicos<\/a><\/li>\n\n\n\n<li><a href=\"file:\/\/\/Volumes\/GAQSA\/TRABAJOS%20LORTNA\/Centro%20de%20Oracio%CC%81n\/Centros%20de%20Oracion\/heredia.html#\">Matrimonios y parejas en situaci\u00f3n especial<\/a><\/li>\n\n\n\n<li><a href=\"file:\/\/\/Volumes\/GAQSA\/TRABAJOS%20LORTNA\/Centro%20de%20Oracio%CC%81n\/Centros%20de%20Oracion\/heredia.html#\">Novicias, religiosos (as), seminaristas y sacerdotes<\/a><\/li>\n\n\n\n<li><a href=\"file:\/\/\/Volumes\/GAQSA\/TRABAJOS%20LORTNA\/Centro%20de%20Oracio%CC%81n\/Centros%20de%20Oracion\/heredia.html#\">Ni\u00f1os (as), j\u00f3venes y personas de la tercera edad<\/a><\/li>\n<\/ul>\n<\/div><\/div>\n<\/div>\n<\/div>\n","protected":false},"excerpt":{"rendered":"<p>Centro de Oraci\u00f3n San Juan Bautista. Heredia, Costa Rica Directora Sra. Mar\u00eda Lorena Dur\u00e1n Le\u00f3n y Sr. Roynel Gerardo Rodr\u00edguez Prendas Correo:sanjuanbautistacentro@gmail.com +506 8307 5775WEB DIRECCI\u00d3N Iglesia de San Pedro de BarvaHeredia, Barva,Costa Rica Durante abril del &hellip;<\/p>\n","protected":false},"author":1,"featured_media":0,"comment_status":"closed","ping_status":"closed","sticky":false,"template":"","format":"standard","meta":{"footnotes":""},"categories":[11],"tags":[],"class_list":["post-448","post","type-post","status-publish","format-standard","hentry","category-centros"],"_links":{"self":[{"href":"http:\/\/centrosoracionguadalupeint.com\/esp\/wp-json\/wp\/v2\/posts\/448","targetHints":{"allow":["GET"]}}],"collection":[{"href":"http:\/\/centrosoracionguadalupeint.com\/esp\/wp-json\/wp\/v2\/posts"}],"about":[{"href":"http:\/\/centrosoracionguadalupeint.com\/esp\/wp-json\/wp\/v2\/types\/post"}],"author":[{"embeddable":true,"href":"http:\/\/centrosoracionguadalupeint.com\/esp\/wp-json\/wp\/v2\/users\/1"}],"replies":[{"embeddable":true,"href":"http:\/\/centrosoracionguadalupeint.com\/esp\/wp-json\/wp\/v2\/comments?post=448"}],"version-history":[{"count":16,"href":"http:\/\/centrosoracionguadalupeint.com\/esp\/wp-json\/wp\/v2\/posts\/448\/revisions"}],"predecessor-version":[{"id":821,"href":"http:\/\/centrosoracionguadalupeint.com\/esp\/wp-json\/wp\/v2\/posts\/448\/revisions\/821"}],"wp:attachment":[{"href":"http:\/\/centrosoracionguadalupeint.com\/esp\/wp-json\/wp\/v2\/media?parent=448"}],"wp:term":[{"taxonomy":"category","embeddable":true,"href":"http:\/\/centrosoracionguadalupeint.com\/esp\/wp-json\/wp\/v2\/categories?post=448"},{"taxonomy":"post_tag","embeddable":true,"href":"http:\/\/centrosoracionguadalupeint.com\/esp\/wp-json\/wp\/v2\/tags?post=448"}],"curies":[{"name":"wp","href":"https:\/\/api.w.org\/{rel}","templated":true}]}}