{"id":452,"date":"2026-04-25T04:51:56","date_gmt":"2026-04-25T04:51:56","guid":{"rendered":"https:\/\/centrosoracionguadalupeint.com\/esp\/?p=452"},"modified":"2026-04-25T10:09:51","modified_gmt":"2026-04-25T10:09:51","slug":"san-francisco-de-asis","status":"publish","type":"post","link":"http:\/\/centrosoracionguadalupeint.com\/esp\/centros\/san-francisco-de-asis\/","title":{"rendered":"San Francisco de As\u00eds."},"content":{"rendered":"\n<h2 class=\"wp-block-heading\">Centro de Oraci\u00f3n San Francisco de As\u00eds. <\/h2>\n\n\n\n<h3 class=\"wp-block-heading\">Monterrey, Nuevo Le\u00f3n, M\u00e9xico<\/h3>\n\n\n\n<div class=\"wp-block-columns is-layout-flex wp-container-core-columns-is-layout-9d6595d7 wp-block-columns-is-layout-flex\">\n<div class=\"wp-block-column is-layout-flow wp-block-column-is-layout-flow\" style=\"flex-basis:25%\">\n<figure class=\"wp-block-image size-full is-resized\"><img loading=\"lazy\" decoding=\"async\" width=\"711\" height=\"703\" src=\"https:\/\/centrosoracionguadalupeint.com\/esp\/wp-content\/uploads\/2026\/04\/monterrey1.jpg\" alt=\"\" class=\"wp-image-581\" style=\"width:300px\" srcset=\"http:\/\/centrosoracionguadalupeint.com\/esp\/wp-content\/uploads\/2026\/04\/monterrey1.jpg 711w, http:\/\/centrosoracionguadalupeint.com\/esp\/wp-content\/uploads\/2026\/04\/monterrey1-300x297.jpg 300w, http:\/\/centrosoracionguadalupeint.com\/esp\/wp-content\/uploads\/2026\/04\/monterrey1-303x300.jpg 303w\" sizes=\"auto, (max-width: 711px) 100vw, 711px\" \/><\/figure>\n\n\n\n<h2 class=\"wp-block-heading\">Directora<\/h2>\n\n\n\n<figure class=\"wp-block-image size-full\"><img loading=\"lazy\" decoding=\"async\" width=\"270\" height=\"400\" src=\"http:\/\/centrosoracionguadalupeint.com\/esp\/wp-content\/uploads\/2026\/04\/miembros22.jpg\" alt=\"\" class=\"wp-image-109\" srcset=\"http:\/\/centrosoracionguadalupeint.com\/esp\/wp-content\/uploads\/2026\/04\/miembros22.jpg 270w, http:\/\/centrosoracionguadalupeint.com\/esp\/wp-content\/uploads\/2026\/04\/miembros22-203x300.jpg 203w\" sizes=\"auto, (max-width: 270px) 100vw, 270px\" \/><\/figure>\n\n\n\n<h5 class=\"wp-block-heading\">Bertha Marroqu\u00edn Ruiz<br>y Ram\u00f3n Garza Villarreal<\/h5>\n\n\n\n<p>Correo:<br><a href=\"mailto:bhmar50@hotmail.com\">bhmar50@hotmail.com<\/a><br><a href=\"file:\/\/\/Volumes\/GAQSA\/TRABAJOS%20LORTNA\/Centro%20de%20Oracio%CC%81n\/Centros%20de%20Oracion\/monterrey.html\">+52 8119 163 482<\/a><\/p>\n\n\n\n<h4 class=\"wp-block-heading\">DIRECCI\u00d3N<\/h4>\n\n\n\n<p>Casa de Renovaci\u00f3n<br>Centro de San Nicol\u00e1s de los Garza.<br>C. Jer\u00f3nimo Trevi\u00f1o 145, Centro, 66400 San Nicol\u00e1s de los Garza, N.L.<\/p>\n<\/div>\n\n\n\n<div class=\"wp-block-column is-layout-flow wp-block-column-is-layout-flow\" style=\"flex-basis:66.66%\">\n<p>Esta gran bendici\u00f3n comenz\u00f3 en Monterrey en 1994, cuando se realiz\u00f3 un retiro de sanaci\u00f3n interior en esta ciudad, impartido por Mar\u00eda Esther, Elia Barnetche y Tesha. Tras este retiro, el Movimiento de Renovaci\u00f3n Cat\u00f3lica de nuestra ciudad adquiri\u00f3 el material de estas conferencias y con \u00e9l comenzamos nuestros talleres.<\/p>\n\n\n\n<p>Nelson e Isamary Garc\u00eda fueron los coordinadores, el P. Javier Hinojosa el director espiritual y el P. David Garc\u00eda Lim\u00f3n el director espiritual de la Renovaci\u00f3n en Monterrey. Todo esto funcion\u00f3 como ministerio en los Grupos de Renovaci\u00f3n Cat\u00f3lica y estos talleres se impartieron desde ese a\u00f1o hasta este a\u00f1o 2016. Estos talleres se impartieron \u00fanicamente en la iglesia de Nuestra Se\u00f1ora del Carmen.<\/p>\n\n\n\n<p>En 1996, los actuales directores, Ram\u00f3n y Bertha, comenzaron a impartir estos talleres en San Nicol\u00e1s, que es la casa de renovaci\u00f3n de la di\u00f3cesis en Monterrey.<\/p>\n\n\n\n<pre id=\"tw-target-text\" class=\"wp-block-preformatted\">En 2002, estos talleres comenzaron en la parroquia de Nuestra Se\u00f1ora del Rosario.<br>En 2011, Gloria Montemayor y Mar\u00eda Esther nos visitaron a petici\u00f3n de Ver\u00f3nica Cervantes, quien imparte los talleres en la parroquia de Nuestra Se\u00f1ora del Rosario. \u00c9ramos seis personas las que asistimos a esta reuni\u00f3n. Nos emocion\u00f3 saber c\u00f3mo hab\u00edan crecido estos talleres y c\u00f3mo deb\u00edamos crecer nosotros tambi\u00e9n. Llev\u00e1bamos dos a\u00f1os orando, rog\u00e1ndole a Dios que nos enviara a alguien que nos ayudara a crecer en este campo, y aqu\u00ed estaba la respuesta. Fue una gran bendici\u00f3n para nosotros.<br>Desde este a\u00f1o hasta ahora, viajamos a la Ciudad de M\u00e9xico y participamos en el retiro de Enfoque Bioespiritual. Comenzamos a capacitarnos con otros talleres del Centro de Oraci\u00f3n del Sagrado Coraz\u00f3n de Jes\u00fas y nuestro Se\u00f1or comenz\u00f3 a extender esto a m\u00e1s parroquias. Hasta el d\u00eda de hoy, impartimos estos talleres en la casa de renovaci\u00f3n y en las siguientes parroquias: Santa Cruz, Nuestra Se\u00f1ora del Rosario, San Felipe de Jes\u00fas, San Lucas Evangelista, San Francisco de As\u00eds, San Juan Bautista y Nuestro Se\u00f1or de la Misericordia.<br>En la di\u00f3cesis, los talleres se imparten a un grupo de personas sordomudas y en la Pastoral Familiar. Nuestro director espiritual actual es el reverendo Mario Tamez.<br>Nuestro deseo es servir a Dios en este ministerio tan importante y necesario para sus hijos. Un sacerdote nos dijo una vez: \u00abHe visto tantos problemas en los j\u00f3venes, en los ni\u00f1os y en los matrimonios, y he llegado a la conclusi\u00f3n de que lo que se necesita para resolver estos problemas es un encuentro personal con Jes\u00fas y sanar nuestras heridas\u00bb. Queremos, como San Francisco, ser instrumentos de paz, llevar amor donde hay odio, perd\u00f3n donde hay insulto, fe donde hay duda, esperanza donde hay desaliento, luz donde hay oscuridad y alegr\u00eda donde hay tristeza. Este a\u00f1o 2016 hemos sido aceptados como Centro de Oraci\u00f3n y hemos adoptado el nombre de San Francisco de As\u00eds.<\/pre>\n\n\n\n<figure class=\"wp-block-image size-full\"><img loading=\"lazy\" decoding=\"async\" width=\"711\" height=\"589\" src=\"https:\/\/centrosoracionguadalupeint.com\/esp\/wp-content\/uploads\/2026\/04\/monterrey2.jpg\" alt=\"\" class=\"wp-image-583\" srcset=\"http:\/\/centrosoracionguadalupeint.com\/esp\/wp-content\/uploads\/2026\/04\/monterrey2.jpg 711w, http:\/\/centrosoracionguadalupeint.com\/esp\/wp-content\/uploads\/2026\/04\/monterrey2-300x249.jpg 300w, http:\/\/centrosoracionguadalupeint.com\/esp\/wp-content\/uploads\/2026\/04\/monterrey2-362x300.jpg 362w\" sizes=\"auto, (max-width: 711px) 100vw, 711px\" \/><\/figure>\n\n\n\n<p><\/p>\n\n\n\n<div class=\"wp-block-columns is-layout-flex wp-container-core-columns-is-layout-9d6595d7 wp-block-columns-is-layout-flex\">\n<div class=\"wp-block-column is-layout-flow wp-block-column-is-layout-flow\">\n<h4 class=\"wp-block-heading\">EQUIPO DE TRABAJO<\/h4>\n\n\n\n<ul class=\"wp-block-list\">\n<li>Margarita Cant\u00fa<\/li>\n\n\n\n<li>Janet Oranday Cerda<\/li>\n\n\n\n<li>Lorena Garza<\/li>\n\n\n\n<li>Elida Rodr\u00edguez<\/li>\n\n\n\n<li>Blanca E. Rodriguez<\/li>\n\n\n\n<li>Ma. Del Carmen Salazar<\/li>\n\n\n\n<li>Dra. Irma Castillo Soto<\/li>\n\n\n\n<li>Ram\u00f3n Montelongo<\/li>\n\n\n\n<li>Jos\u00e9 Luis Barrera Rodr\u00edguez<\/li>\n\n\n\n<li>Diana Trevi\u00f1o Villarreal<\/li>\n\n\n\n<li>Ofelia Estrada Estrada<\/li>\n\n\n\n<li>Ana Ma Cleto Mora<\/li>\n\n\n\n<li>Veronica Cervantes<\/li>\n<\/ul>\n<\/div>\n\n\n\n<div class=\"wp-block-column is-layout-flow wp-block-column-is-layout-flow\">\n<p><\/p>\n\n\n\n<ul class=\"wp-block-list\">\n<li>Juan Sosa Rojas<\/li>\n\n\n\n<li>Rosalinda Martinez L.<\/li>\n\n\n\n<li>Sergio Ruan Rivera<\/li>\n\n\n\n<li>Juana Maria Galvan<\/li>\n\n\n\n<li>Guadalupe Vicencio<\/li>\n\n\n\n<li>Amparo Olivares<\/li>\n\n\n\n<li>Lucy Esquivelinda Sari\u00f1ana Hdz. Lezith Sol Lara Reyes<\/li>\n\n\n\n<li>Gloria L\u00f3pez<\/li>\n\n\n\n<li>Hermelinda Sari\u00f1ana<\/li>\n\n\n\n<li>Lezith Lara<\/li>\n\n\n\n<li>Janette Moreno<\/li>\n\n\n\n<li>Lesly Alejandra Hern\u00e1ndez<\/li>\n\n\n\n<li>Blanca Nely Cabrales<\/li>\n\n\n\n<li>Ma Argelia Torres<\/li>\n\n\n\n<li>Aurora Pachicano<\/li>\n<\/ul>\n<\/div>\n<\/div>\n\n\n\n<h4 class=\"wp-block-heading\">CONSEJO DEL CENTRO DE ORACI\u00d3N.<\/h4>\n\n\n\n<p><strong>SACERDOTE ASESOR: <\/strong>PADRE Ricardo L\u00f3pez<br><strong>DIRECTOR:<\/strong> Bertha H. Marroquin y Ram\u00f3n Garza Villarreal<br><strong>SUBDIRECTOR: <\/strong>Ver\u00f3nica Cervantes.<br><strong>SECRETARIO: <\/strong>Ofelia Estrada Estrada y Janet Oranday Cerda.<br><strong>TESORERO:<\/strong> Diana Trevi\u00f1o Villarreal y Elida Rodr\u00edguez Gonz\u00e1lez.<br><strong>FORMADOR DE TEMISTAS:<\/strong> Mar\u00eda Del Carmen Mac\u00edas Gamboa y Rosalinda Mart\u00ednez Lerma.<br><strong>EVENTOS:<\/strong> Ana Ma. Cleto Morales, Sergio Ruan, Juana Mar\u00eda Galv\u00e1n.<br><strong>APOYO DE PSICOLOGIA: <\/strong>Blanca Cabrales.<br><strong>APOYO DE INTERCESION: <\/strong>Ram\u00f3n Montelongo Rocha.<br><strong>RESPONSABLE DE COMUNICACI\u00d3N: <\/strong>Guadalupe Virginia Vicencio.<\/p>\n\n\n\n<h2 class=\"wp-block-heading\">MISI\u00d3N<\/h2>\n\n\n\n<hr class=\"wp-block-separator has-alpha-channel-opacity is-style-wide\"\/>\n\n\n\n<p>Nuestra misi\u00f3n como Centro de Oraci\u00f3n es servir a Dios a trav\u00e9s de servir al hermano, a los hijos de Dios. Llevar al hermano a tener un encuentro con Jes\u00fas a trav\u00e9s de lograr encontrarse a s\u00ed mismo, enamorarse de Jes\u00fas y experimentar el amor grande e incondicional de Jes\u00fas para con El.<br>Ser instrumentos de la paz de Dios para su pueblo como lo fue San Francisco de As\u00eds. Nuestra misi\u00f3n es llevar amor donde hay odio, perd\u00f3n donde hay injuria, fe donde hay duda, esperanza donde hay desaliento, luz donde hay oscuridad y alegr\u00eda donde hay tristeza. Todo esto con el poder y amor incondicional de nuestro Se\u00f1or Jesucristo.<\/p>\n\n\n\n<h2 class=\"wp-block-heading\">VISI\u00d3N<\/h2>\n\n\n\n<hr class=\"wp-block-separator has-alpha-channel-opacity is-style-wide\"\/>\n\n\n\n<p>Estar presente en cada Parroquia de la di\u00f3cesis de Monterrey, Nuevo Le\u00f3n y as\u00ed servir de instrumentos de sanaci\u00f3n interior para el Pueblo de Dios, mejorando as\u00ed la sociedad en la cual vivimos y llevando m\u00e1s corazones a Jes\u00fas.<\/p>\n\n\n\n<h2 class=\"wp-block-heading\">VALORES<\/h2>\n\n\n\n<hr class=\"wp-block-separator has-alpha-channel-opacity is-style-wide\"\/>\n\n\n\n<p><em>\u00abYo soy la vid, vosotros los sarmientos. El que permanece unido a m\u00ed, como yo estoy unido a \u00e9l, produce mucho fruto; porque sin m\u00ed no pod\u00e9is hacer nada.\u00bb<\/em> (Jn. 15, 5).<br><strong>Siervos:<\/strong> adheridos a Cristo Jes\u00fas queremos ser siervos de El, por lo tanto entregando nuestra vida totalmente a \u00c9l.<br><strong>Obediencia:<\/strong> obedeciendo con amor sus mandatos.<br><strong>Humildad oraci\u00f3n:<\/strong> orando y siendo humildes para reconocer su voluntad en nuestras vidas y ser fieles para cumplir esa voluntad.<br><strong>Sanaci\u00f3n interior:<\/strong> tratando con sencillez y mucho amor a los hermanos necesitados y heridos que acuden al centro para guiarlos en un proceso de sanaci\u00f3n interior.<\/p>\n\n\n\n<div class=\"wp-block-group is-nowrap is-layout-flex wp-container-core-group-is-layout-ad2f72ca wp-block-group-is-layout-flex\">\n<hr class=\"wp-block-separator has-alpha-channel-opacity\"\/>\n\n\n\n<h2 class=\"wp-block-heading\">SERVICIOS<br>Intercesi\u00f3n<\/h2>\n<\/div>\n\n\n\n<hr class=\"wp-block-separator has-alpha-channel-opacity is-style-wide\"\/>\n\n\n\n<p>Tenemos el ministerio de intercesi\u00f3n coordinado por los hermanos Ma. Dolores V\u00e1zquez Mendoza y Ram\u00f3n Montelongo Rocha.<\/p>\n\n\n\n<h2 class=\"wp-block-heading\">TALLERES<\/h2>\n\n\n\n<hr class=\"wp-block-separator has-alpha-channel-opacity is-style-wide\"\/>\n\n\n\n<div class=\"wp-block-media-text is-stacked-on-mobile\" style=\"grid-template-columns:40% auto\"><figure class=\"wp-block-media-text__media\"><img loading=\"lazy\" decoding=\"async\" width=\"711\" height=\"703\" src=\"http:\/\/centrosoracionguadalupeint.com\/esp\/wp-content\/uploads\/2026\/04\/long6.jpg\" alt=\"\" class=\"wp-image-758 size-full\" srcset=\"http:\/\/centrosoracionguadalupeint.com\/esp\/wp-content\/uploads\/2026\/04\/long6.jpg 711w, http:\/\/centrosoracionguadalupeint.com\/esp\/wp-content\/uploads\/2026\/04\/long6-300x297.jpg 300w, http:\/\/centrosoracionguadalupeint.com\/esp\/wp-content\/uploads\/2026\/04\/long6-303x300.jpg 303w\" sizes=\"auto, (max-width: 711px) 100vw, 711px\" \/><\/figure><div class=\"wp-block-media-text__content\">\n<h5 class=\"wp-block-heading\">ESCUCHA AMOROSA<\/h5>\n\n\n\n<p>Se atienden a los hermanos que necesitan ayuda personal a trav\u00e9s de la escucha amorosa y el enfoque.<\/p>\n<\/div><\/div>\n\n\n\n<div class=\"wp-block-media-text is-stacked-on-mobile is-vertically-aligned-top\" style=\"grid-template-columns:40% auto\"><figure class=\"wp-block-media-text__media\"><img loading=\"lazy\" decoding=\"async\" width=\"1024\" height=\"615\" src=\"http:\/\/centrosoracionguadalupeint.com\/esp\/wp-content\/uploads\/2026\/04\/austin-3-1-1024x615.jpg\" alt=\"\" class=\"wp-image-664 size-full\" srcset=\"http:\/\/centrosoracionguadalupeint.com\/esp\/wp-content\/uploads\/2026\/04\/austin-3-1-1024x615.jpg 1024w, http:\/\/centrosoracionguadalupeint.com\/esp\/wp-content\/uploads\/2026\/04\/austin-3-1-300x180.jpg 300w, http:\/\/centrosoracionguadalupeint.com\/esp\/wp-content\/uploads\/2026\/04\/austin-3-1-768x461.jpg 768w, http:\/\/centrosoracionguadalupeint.com\/esp\/wp-content\/uploads\/2026\/04\/austin-3-1-499x300.jpg 499w, http:\/\/centrosoracionguadalupeint.com\/esp\/wp-content\/uploads\/2026\/04\/austin-3-1.jpg 1170w\" sizes=\"auto, (max-width: 1024px) 100vw, 1024px\" \/><\/figure><div class=\"wp-block-media-text__content\">\n<h5 class=\"wp-block-heading\">ESCUELA DE CRECIMIENTO ESPIRITUAL Y SANACI\u00d3N INTERIOR<\/h5>\n\n\n\n<p>Esto comprende 2 a\u00f1os de crecer espiritualmente muy unidos a Jes\u00fas. Experimentar en nuestra vida como vivi\u00f3 El, los diferentes momentos de crisis en la vida.<\/p>\n<\/div><\/div>\n\n\n\n<div class=\"wp-block-media-text is-stacked-on-mobile\" style=\"grid-template-columns:40% auto\"><figure class=\"wp-block-media-text__media\"><img loading=\"lazy\" decoding=\"async\" width=\"711\" height=\"703\" src=\"https:\/\/centrosoracionguadalupeint.com\/esp\/wp-content\/uploads\/2026\/04\/monterrey3.jpg\" alt=\"\" class=\"wp-image-767 size-full\" srcset=\"http:\/\/centrosoracionguadalupeint.com\/esp\/wp-content\/uploads\/2026\/04\/monterrey3.jpg 711w, http:\/\/centrosoracionguadalupeint.com\/esp\/wp-content\/uploads\/2026\/04\/monterrey3-300x297.jpg 300w, http:\/\/centrosoracionguadalupeint.com\/esp\/wp-content\/uploads\/2026\/04\/monterrey3-303x300.jpg 303w\" sizes=\"auto, (max-width: 711px) 100vw, 711px\" \/><\/figure><div class=\"wp-block-media-text__content\">\n<h5 class=\"wp-block-heading\">LIBRE DEL ABUSO<\/h5>\n\n\n\n<p>Sanaci\u00f3n del ni\u00f1o interior: Llegar a descubrir como fuimos abusados y permitir que Jes\u00fas nos sane para que nuestro ni\u00f1o interior madure.<\/p>\n<\/div><\/div>\n\n\n\n<div class=\"wp-block-media-text is-stacked-on-mobile\" style=\"grid-template-columns:40% auto\"><figure class=\"wp-block-media-text__media\"><img loading=\"lazy\" decoding=\"async\" width=\"711\" height=\"381\" src=\"http:\/\/centrosoracionguadalupeint.com\/esp\/wp-content\/uploads\/2026\/04\/monterrey4.jpg\" alt=\"\" class=\"wp-image-769 size-full\" srcset=\"http:\/\/centrosoracionguadalupeint.com\/esp\/wp-content\/uploads\/2026\/04\/monterrey4.jpg 711w, http:\/\/centrosoracionguadalupeint.com\/esp\/wp-content\/uploads\/2026\/04\/monterrey4-300x161.jpg 300w, http:\/\/centrosoracionguadalupeint.com\/esp\/wp-content\/uploads\/2026\/04\/monterrey4-560x300.jpg 560w\" sizes=\"auto, (max-width: 711px) 100vw, 711px\" \/><\/figure><div class=\"wp-block-media-text__content\">\n<h5 class=\"wp-block-heading\">ORANDO CON OTRA PERSONA PARA OBTENER LA SANACI\u00d3N<\/h5>\n\n\n\n<p>Sanaci\u00f3n del ni\u00f1o interior: Llegar a descubrir como fuimos abusados y permitir que Jes\u00fas nos sane para que nuestro ni\u00f1o interior madure.<\/p>\n<\/div><\/div>\n\n\n\n<div class=\"wp-block-media-text is-stacked-on-mobile is-vertically-aligned-top\" style=\"grid-template-columns:40% auto\"><figure class=\"wp-block-media-text__media\"><img loading=\"lazy\" decoding=\"async\" width=\"711\" height=\"703\" src=\"http:\/\/centrosoracionguadalupeint.com\/esp\/wp-content\/uploads\/2026\/04\/chihuahua10.jpg\" alt=\"\" class=\"wp-image-670 size-full\" srcset=\"http:\/\/centrosoracionguadalupeint.com\/esp\/wp-content\/uploads\/2026\/04\/chihuahua10.jpg 711w, http:\/\/centrosoracionguadalupeint.com\/esp\/wp-content\/uploads\/2026\/04\/chihuahua10-300x297.jpg 300w, http:\/\/centrosoracionguadalupeint.com\/esp\/wp-content\/uploads\/2026\/04\/chihuahua10-303x300.jpg 303w\" sizes=\"auto, (max-width: 711px) 100vw, 711px\" \/><\/figure><div class=\"wp-block-media-text__content\">\n<h5 class=\"wp-block-heading\">ORAR PARA SANAR<\/h5>\n\n\n\n<p>Diferentes maneras de Orar para la Sanaci\u00f3n de las Heridas de la Vida.<\/p>\n<\/div><\/div>\n\n\n\n<div class=\"wp-block-media-text is-stacked-on-mobile is-vertically-aligned-top\" style=\"grid-template-columns:40% auto\"><figure class=\"wp-block-media-text__media\"><img loading=\"lazy\" decoding=\"async\" width=\"711\" height=\"703\" src=\"http:\/\/centrosoracionguadalupeint.com\/esp\/wp-content\/uploads\/2026\/04\/mexico14.jpg\" alt=\"\" class=\"wp-image-721 size-full\" srcset=\"http:\/\/centrosoracionguadalupeint.com\/esp\/wp-content\/uploads\/2026\/04\/mexico14.jpg 711w, http:\/\/centrosoracionguadalupeint.com\/esp\/wp-content\/uploads\/2026\/04\/mexico14-300x297.jpg 300w, http:\/\/centrosoracionguadalupeint.com\/esp\/wp-content\/uploads\/2026\/04\/mexico14-303x300.jpg 303w\" sizes=\"auto, (max-width: 711px) 100vw, 711px\" \/><\/figure><div class=\"wp-block-media-text__content\">\n<h5 class=\"wp-block-heading\">QUIERO SER LIBRE II<\/h5>\n\n\n\n<p>Recuperaci\u00f3n de la codependencia: a trav\u00e9s de la oraci\u00f3n llegar a recuperarnos de la codependencia.<\/p>\n<\/div><\/div>\n\n\n\n<div class=\"wp-block-media-text is-stacked-on-mobile is-vertically-aligned-top\" style=\"grid-template-columns:40% auto\"><figure class=\"wp-block-media-text__media\"><img loading=\"lazy\" decoding=\"async\" width=\"711\" height=\"703\" src=\"http:\/\/centrosoracionguadalupeint.com\/esp\/wp-content\/uploads\/2026\/04\/chihuahua3.jpg\" alt=\"\" class=\"wp-image-694 size-full\" srcset=\"http:\/\/centrosoracionguadalupeint.com\/esp\/wp-content\/uploads\/2026\/04\/chihuahua3.jpg 711w, http:\/\/centrosoracionguadalupeint.com\/esp\/wp-content\/uploads\/2026\/04\/chihuahua3-300x297.jpg 300w, http:\/\/centrosoracionguadalupeint.com\/esp\/wp-content\/uploads\/2026\/04\/chihuahua3-303x300.jpg 303w\" sizes=\"auto, (max-width: 711px) 100vw, 711px\" \/><\/figure><div class=\"wp-block-media-text__content\">\n<h5 class=\"wp-block-heading\">SANANDO MI HISTORIA<\/h5>\n\n\n\n<p>Pasar por el proceso de las diferentes etapas de la vida y permitir que Jes\u00fas las sane. Esto es desde la concepci\u00f3n hasta la ancianidad.<\/p>\n<\/div><\/div>\n<\/div>\n<\/div>\n","protected":false},"excerpt":{"rendered":"<p>Centro de Oraci\u00f3n San Francisco de As\u00eds. Monterrey, Nuevo Le\u00f3n, M\u00e9xico Directora Bertha Marroqu\u00edn Ruizy Ram\u00f3n Garza Villarreal Correo:bhmar50@hotmail.com+52 8119 163 482 DIRECCI\u00d3N Casa de Renovaci\u00f3nCentro de San Nicol\u00e1s de los Garza.C. Jer\u00f3nimo Trevi\u00f1o 145, Centro, 66400 &hellip;<\/p>\n","protected":false},"author":1,"featured_media":0,"comment_status":"closed","ping_status":"closed","sticky":false,"template":"","format":"standard","meta":{"footnotes":""},"categories":[11],"tags":[],"class_list":["post-452","post","type-post","status-publish","format-standard","hentry","category-centros"],"_links":{"self":[{"href":"http:\/\/centrosoracionguadalupeint.com\/esp\/wp-json\/wp\/v2\/posts\/452","targetHints":{"allow":["GET"]}}],"collection":[{"href":"http:\/\/centrosoracionguadalupeint.com\/esp\/wp-json\/wp\/v2\/posts"}],"about":[{"href":"http:\/\/centrosoracionguadalupeint.com\/esp\/wp-json\/wp\/v2\/types\/post"}],"author":[{"embeddable":true,"href":"http:\/\/centrosoracionguadalupeint.com\/esp\/wp-json\/wp\/v2\/users\/1"}],"replies":[{"embeddable":true,"href":"http:\/\/centrosoracionguadalupeint.com\/esp\/wp-json\/wp\/v2\/comments?post=452"}],"version-history":[{"count":20,"href":"http:\/\/centrosoracionguadalupeint.com\/esp\/wp-json\/wp\/v2\/posts\/452\/revisions"}],"predecessor-version":[{"id":816,"href":"http:\/\/centrosoracionguadalupeint.com\/esp\/wp-json\/wp\/v2\/posts\/452\/revisions\/816"}],"wp:attachment":[{"href":"http:\/\/centrosoracionguadalupeint.com\/esp\/wp-json\/wp\/v2\/media?parent=452"}],"wp:term":[{"taxonomy":"category","embeddable":true,"href":"http:\/\/centrosoracionguadalupeint.com\/esp\/wp-json\/wp\/v2\/categories?post=452"},{"taxonomy":"post_tag","embeddable":true,"href":"http:\/\/centrosoracionguadalupeint.com\/esp\/wp-json\/wp\/v2\/tags?post=452"}],"curies":[{"name":"wp","href":"https:\/\/api.w.org\/{rel}","templated":true}]}}