{"id":458,"date":"2026-04-25T04:54:17","date_gmt":"2026-04-25T04:54:17","guid":{"rendered":"https:\/\/centrosoracionguadalupeint.com\/esp\/?p=458"},"modified":"2026-04-25T09:29:47","modified_gmt":"2026-04-25T09:29:47","slug":"sagrado-corazon-de-jesus-y-maria","status":"publish","type":"post","link":"http:\/\/centrosoracionguadalupeint.com\/esp\/centros\/sagrado-corazon-de-jesus-y-maria\/","title":{"rendered":"Sagrado Coraz\u00f3n de Jes\u00fas y Mar\u00eda."},"content":{"rendered":"\n<h2 class=\"wp-block-heading\">Centro de Oraci\u00f3n del Sagrado Coraz\u00f3n de Jes\u00fas y Mar\u00eda. <\/h2>\n\n\n\n<h3 class=\"wp-block-heading\">Quer\u00e9taro, Qro., M\u00e9xico<\/h3>\n\n\n\n<div class=\"wp-block-columns is-layout-flex wp-container-core-columns-is-layout-9d6595d7 wp-block-columns-is-layout-flex\">\n<div class=\"wp-block-column is-layout-flow wp-block-column-is-layout-flow\" style=\"flex-basis:25%\">\n<figure class=\"wp-block-image size-full is-resized\"><img loading=\"lazy\" decoding=\"async\" width=\"711\" height=\"429\" src=\"https:\/\/centrosoracionguadalupeint.com\/esp\/wp-content\/uploads\/2026\/04\/queretaro1.jpg\" alt=\"\" class=\"wp-image-596\" style=\"width:300px\" srcset=\"http:\/\/centrosoracionguadalupeint.com\/esp\/wp-content\/uploads\/2026\/04\/queretaro1.jpg 711w, http:\/\/centrosoracionguadalupeint.com\/esp\/wp-content\/uploads\/2026\/04\/queretaro1-300x181.jpg 300w, http:\/\/centrosoracionguadalupeint.com\/esp\/wp-content\/uploads\/2026\/04\/queretaro1-497x300.jpg 497w\" sizes=\"auto, (max-width: 711px) 100vw, 711px\" \/><\/figure>\n\n\n\n<h2 class=\"wp-block-heading\">Directora<\/h2>\n\n\n\n<figure class=\"wp-block-image size-full\"><img loading=\"lazy\" decoding=\"async\" width=\"270\" height=\"400\" src=\"http:\/\/centrosoracionguadalupeint.com\/esp\/wp-content\/uploads\/2026\/04\/miembros19.jpg\" alt=\"\" class=\"wp-image-106\" srcset=\"http:\/\/centrosoracionguadalupeint.com\/esp\/wp-content\/uploads\/2026\/04\/miembros19.jpg 270w, http:\/\/centrosoracionguadalupeint.com\/esp\/wp-content\/uploads\/2026\/04\/miembros19-203x300.jpg 203w\" sizes=\"auto, (max-width: 270px) 100vw, 270px\" \/><\/figure>\n\n\n\n<h5 class=\"wp-block-heading\">Mari Rosi Mart\u00ednez<\/h5>\n\n\n\n<p>Correo:<br><a href=\"mailto:marirosirsegon@hotmail.com\">marirosirsegon@hotmail.com<\/a><br><a href=\"file:\/\/\/Volumes\/GAQSA\/TRABAJOS%20LORTNA\/Centro%20de%20Oracio%CC%81n\/Centros%20de%20Oracion\/queretaro.html\">+52 442 155 551<\/a><br><a href=\"file:\/\/\/Volumes\/GAQSA\/TRABAJOS%20LORTNA\/Centro%20de%20Oracio%CC%81n\/Centros%20de%20Oracion\/queretaro.html\">+52 442 155 559<\/a><br><a href=\"file:\/\/\/Volumes\/GAQSA\/TRABAJOS%20LORTNA\/Centro%20de%20Oracio%CC%81n\/Centros%20de%20Oracion\/queretaro.html\">+52 442 155 856<\/a><br><a href=\"http:\/\/mogpc.org\" class=\"\"><strong>WEB<\/strong><\/a><\/p>\n\n\n\n<h4 class=\"wp-block-heading\">DIRECCI\u00d3N<\/h4>\n\n\n\n<p>Club Campestre 103,<br>Club Campestre,<br>76190 Santiago de Quer\u00e9taro,<br>Qro., M\u00e9xico<\/p>\n<\/div>\n\n\n\n<div class=\"wp-block-column is-layout-flow wp-block-column-is-layout-flow\" style=\"flex-basis:66.66%\">\n<p>El Centro del Sagrado Coraz\u00f3n de Jes\u00fas y de Mar\u00eda es un lugar de reuni\u00f3n que hemos ido construyendo con cari\u00f1o, en comunidad, donde se alaba a Dios, se ora, y se estudia para darle toda su Gloria.<\/p>\n\n\n\n<p>Abrimos nuestras puertas a todos aquellos que lo necesitan para ya que El Se\u00f1or nos env\u00eda a trabajar con las heridas, a vendar los corazones rotos a trav\u00e9s del ministerio de curaci\u00f3n interior.<\/p>\n\n\n\n<p>Nos dedicamos a acompa\u00f1ar a las personas, familias, religiosos que as\u00ed lo requieran, a lo largo de su vida para encontrarse con ellos mismos mediante el crecimiento integral, as\u00ed como tambi\u00e9n con el amor misericordioso de y sanador de Jes\u00fas que desea sanar sus heridas. Se lleva a cabo a trav\u00e9s de cursos, talleres, seminarios, terapia individual y procesos personales.<\/p>\n\n\n\n<p>En 1982, empezaba a formar una familia con mi esposo, ten\u00eda una hija de 2 a\u00f1os y me embarac\u00e9 del segundo hijo, Alonso, el cual naci\u00f3 enfermo del coraz\u00f3n y vivi\u00f3 solo 3 meses. Fue operado en Cardiolog\u00eda y muri\u00f3 por no resistir la cirug\u00eda tan larga.<\/p>\n\n\n\n<p>Invitada por una amiga, y con el coraz\u00f3n destrozado, comenc\u00e9 a asistir a las asambleas semanales en la Santa Cruz del Pedregal dirigidas por el Padre Msp. Anselmo Murillo. Habiendo sido alumna del Padre Salvador Carrillo Alday por muchos a\u00f1os y viendo que en esa parroquia tambi\u00e9n eran Misioneros del Esp\u00edritu Santo, comenc\u00e9 a tomar los cursos y talleres de Vida en el Esp\u00edritu que ah\u00ed se ofrec\u00edan.<\/p>\n\n\n\n<p>Poco a poco me fui involucrando y me fue encantado el trabajo que ah\u00ed se realizaba. Ah\u00ed mismo conoc\u00eda a las Directoras del Centro de Oraci\u00f3n del Sagrado Coraz\u00f3n de Jes\u00fas, al que pertenezco pero que a\u00fan no lo fundaban pues ellas impart\u00edan ah\u00ed en la parroquia cursos y talleres. M\u00e1s tarde, Mar\u00eda Esther y Elia Baretche Pous, fundaron el Centro en donde empec\u00e9 a formarme y m\u00e1s tarde a prestar mis servicios.<\/p>\n\n\n\n<figure class=\"wp-block-image size-full is-resized is-style-rounded\"><img loading=\"lazy\" decoding=\"async\" width=\"711\" height=\"703\" src=\"https:\/\/centrosoracionguadalupeint.com\/esp\/wp-content\/uploads\/2026\/04\/queretaro2.jpg\" alt=\"\" class=\"wp-image-603\" style=\"width:289px;height:auto\" srcset=\"http:\/\/centrosoracionguadalupeint.com\/esp\/wp-content\/uploads\/2026\/04\/queretaro2.jpg 711w, http:\/\/centrosoracionguadalupeint.com\/esp\/wp-content\/uploads\/2026\/04\/queretaro2-300x297.jpg 300w, http:\/\/centrosoracionguadalupeint.com\/esp\/wp-content\/uploads\/2026\/04\/queretaro2-303x300.jpg 303w\" sizes=\"auto, (max-width: 711px) 100vw, 711px\" \/><\/figure>\n\n\n\n<p>Como familia ya con 3 hijos decidimos venir a vivir a Quer\u00e9taro y mi mayor p\u00e9rdida era dejar el Centro de Oraci\u00f3n. Or\u00e9 por algunos a\u00f1os y en un taller de Enfoque Interior que impartieron los Padres Ed MacMahon, S.J. y Pete Campbell, S.J. en Quer\u00e9taro providencialmente en una pl\u00e1tica con Mar\u00eda Esther surgi\u00f3 la idea de fundar un Centro en Quer\u00e9taro.<\/p>\n\n\n\n<p>En 1994 comenc\u00e9 con una peque\u00f1a comunidad a impartir los talleres y a orar, comunidad que a\u00fan permanece y que seguimos junt\u00e1ndonos todos los lunes a orar y a estudiar. Tambi\u00e9n continu\u00e9 estudiando para formarme como terapeuta, tanat\u00f3loga y otras especialidades. Desde entonces no hemos dejado de continuar con esta hermosa misi\u00f3n que el Se\u00f1or Jes\u00fas nos regal\u00f3 sirviendo a la comunidad en la medida de nuestras posibilidades.<\/p>\n\n\n\n<p>Es un trabajo que adoro y lo hago desde el fondo de mi coraz\u00f3n con un profundo agradecimiento al Dios que me dio la vida y me permite existir d\u00eda con d\u00eda, lo vivo como mi verdadera vocaci\u00f3n y da todo el sentido a mi vida.<\/p>\n\n\n\n<p><strong>CONSEJO:<\/strong><\/p>\n\n\n\n<ul class=\"wp-block-list\">\n<li><a href=\"file:\/\/\/Volumes\/GAQSA\/TRABAJOS%20LORTNA\/Centro%20de%20Oracio%CC%81n\/Centros%20de%20Oracion\/queretaro.html#\">Mari Rosi Rodr\u00edguez de Mart\u00ednez | Directora.<\/a><\/li>\n\n\n\n<li><a href=\"file:\/\/\/Volumes\/GAQSA\/TRABAJOS%20LORTNA\/Centro%20de%20Oracio%CC%81n\/Centros%20de%20Oracion\/queretaro.html#\">Eugenia Tirado Garc\u00eda | Ministerio de acompa\u00f1amiento a enfermos.<\/a><\/li>\n\n\n\n<li><a href=\"file:\/\/\/Volumes\/GAQSA\/TRABAJOS%20LORTNA\/Centro%20de%20Oracio%CC%81n\/Centros%20de%20Oracion\/queretaro.html#\">Esperanza G\u00f3mez De Arce | Ministerio de Oraci\u00f3n.<\/a><\/li>\n\n\n\n<li><a href=\"file:\/\/\/Volumes\/GAQSA\/TRABAJOS%20LORTNA\/Centro%20de%20Oracio%CC%81n\/Centros%20de%20Oracion\/queretaro.html#\">Marcela Zaldumbide De Loyola | Ministerio de Oraci\u00f3n.<\/a><\/li>\n\n\n\n<li><a href=\"file:\/\/\/Volumes\/GAQSA\/TRABAJOS%20LORTNA\/Centro%20de%20Oracio%CC%81n\/Centros%20de%20Oracion\/queretaro.html#\">Mar\u00eda De La Luz Ocampo Zamarripa | Secretariado.<\/a><\/li>\n\n\n\n<li><a href=\"file:\/\/\/Volumes\/GAQSA\/TRABAJOS%20LORTNA\/Centro%20de%20Oracio%CC%81n\/Centros%20de%20Oracion\/queretaro.html#\">Mar\u00eda del Pilar L\u00f3pez de Aguilar | Planeaci\u00f3n y estrategia.<\/a><\/li>\n\n\n\n<li><a href=\"file:\/\/\/Volumes\/GAQSA\/TRABAJOS%20LORTNA\/Centro%20de%20Oracio%CC%81n\/Centros%20de%20Oracion\/queretaro.html#\">Teresa \u00c1lvarez De Hern\u00e1ndez | Finanzas.<\/a><\/li>\n\n\n\n<li><a href=\"file:\/\/\/Volumes\/GAQSA\/TRABAJOS%20LORTNA\/Centro%20de%20Oracio%CC%81n\/Centros%20de%20Oracion\/queretaro.html#\">Jos\u00e9 Luis Arreola S\u00e1nchez | Log\u00edstica.<\/a><\/li>\n<\/ul>\n\n\n\n<p><strong>Equipo de Apoyo en los Talleres:<\/strong><\/p>\n\n\n\n<ul class=\"wp-block-list\">\n<li><a href=\"file:\/\/\/Volumes\/GAQSA\/TRABAJOS%20LORTNA\/Centro%20de%20Oracio%CC%81n\/Centros%20de%20Oracion\/queretaro.html#\">Marbella Ortiz.<\/a><\/li>\n<\/ul>\n\n\n\n<ul class=\"wp-block-list\">\n<li><a href=\"file:\/\/\/Volumes\/GAQSA\/TRABAJOS%20LORTNA\/Centro%20de%20Oracio%CC%81n\/Centros%20de%20Oracion\/queretaro.html#\">Alma Oviedo.<\/a><\/li>\n<\/ul>\n\n\n\n<ul class=\"wp-block-list\">\n<li><a href=\"file:\/\/\/Volumes\/GAQSA\/TRABAJOS%20LORTNA\/Centro%20de%20Oracio%CC%81n\/Centros%20de%20Oracion\/queretaro.html#\">Delia Frayre.<\/a><\/li>\n<\/ul>\n\n\n\n<ul class=\"wp-block-list\">\n<li><a href=\"file:\/\/\/Volumes\/GAQSA\/TRABAJOS%20LORTNA\/Centro%20de%20Oracio%CC%81n\/Centros%20de%20Oracion\/queretaro.html#\">Emmanuel Robledo.<\/a><\/li>\n<\/ul>\n\n\n\n<ul class=\"wp-block-list\">\n<li><a href=\"file:\/\/\/Volumes\/GAQSA\/TRABAJOS%20LORTNA\/Centro%20de%20Oracio%CC%81n\/Centros%20de%20Oracion\/queretaro.html#\">Gabriela L. D\u00edaz Ocampo.<\/a><\/li>\n<\/ul>\n\n\n\n<ul class=\"wp-block-list\">\n<li><a href=\"file:\/\/\/Volumes\/GAQSA\/TRABAJOS%20LORTNA\/Centro%20de%20Oracio%CC%81n\/Centros%20de%20Oracion\/queretaro.html#\">M. Lourdes N\u00fa\u00f1ez Lara.<\/a><\/li>\n<\/ul>\n\n\n\n<ul class=\"wp-block-list\">\n<li><a href=\"file:\/\/\/Volumes\/GAQSA\/TRABAJOS%20LORTNA\/Centro%20de%20Oracio%CC%81n\/Centros%20de%20Oracion\/queretaro.html#\">Oneyda D\u00edaz.<\/a><\/li>\n<\/ul>\n\n\n\n<ul class=\"wp-block-list\">\n<li><a href=\"file:\/\/\/Volumes\/GAQSA\/TRABAJOS%20LORTNA\/Centro%20de%20Oracio%CC%81n\/Centros%20de%20Oracion\/queretaro.html#\">Roc\u00edo Espinoza.<\/a><\/li>\n<\/ul>\n\n\n\n<ul class=\"wp-block-list\">\n<li><a href=\"file:\/\/\/Volumes\/GAQSA\/TRABAJOS%20LORTNA\/Centro%20de%20Oracio%CC%81n\/Centros%20de%20Oracion\/queretaro.html#\">Susana Ocampo.<\/a><\/li>\n<\/ul>\n\n\n\n<h2 class=\"wp-block-heading\">MISI\u00d3N<\/h2>\n\n\n\n<hr class=\"wp-block-separator has-alpha-channel-opacity is-style-wide\"\/>\n\n\n\n<p>En el centro de Oraci\u00f3n del Sagrado Coraz\u00f3n de Jes\u00fas y de Mar\u00eda, nuestra misi\u00f3n es llevar a las personas en un proceso de conversi\u00f3n hacia Jes\u00fas para que sean sanadas y confortadas por su misericordia, dentro de un proceso personal de curaci\u00f3n, a trav\u00e9s de un acompa\u00f1amiento espiritual y terap\u00e9utico con talleres de crecimiento, todo ello con la finalidad de que puedan sanar sus heridas, su historia personal y sean transformados por el amor incondicional de Jes\u00fas.<\/p>\n\n\n\n<h2 class=\"wp-block-heading\">VISI\u00d3N<\/h2>\n\n\n\n<hr class=\"wp-block-separator has-alpha-channel-opacity is-style-wide\"\/>\n\n\n\n<p>Nos visualizamos como un centro de oraci\u00f3n autosustentable reconocido por el Vaticano, que contribuye a la formaci\u00f3n de una sociedad m\u00e1s sana y consciente de su misi\u00f3n y responsabilidad como hijos de Dios, favoreciendo relaciones positivas, de acuerdo a la voluntad de Dios, unidos al coraz\u00f3n de Jes\u00fas y de Mar\u00eda.<\/p>\n\n\n\n<h2 class=\"wp-block-heading\">VALORES<\/h2>\n\n\n\n<hr class=\"wp-block-separator has-alpha-channel-opacity is-style-wide\"\/>\n\n\n\n<p><strong>Humildad<\/strong><br><em>\u00abNo hagan nada por rivalidad o vanagloria. Que cada uno tenga la humildad de creer que los otros son mejores que \u00e9l mismo\u00bb<\/em>. Filipenses 2,3.<br><br><strong>Servicio<\/strong><br><em>\u00abDe la misma manera que el Hijo del hombre no ha venido a ser servido, sino a servir y dar su vida en rescate por todos\u00bb<\/em>. Mateo 20,28.<br><br><strong>Obediencia<\/strong><br><em>\u00abFue un poco m\u00e1s adelante y postr\u00e1ndose hasta tocar la tierra con su cara, or\u00f3 as\u00ed: Padre, si es posible, que \u00e9sta copa se aleje de m\u00ed, pero no se haga lo que yo quiero, sino lo que quieres T\u00fa\u00bb<\/em>. Mateo 26,39.<br><br><strong>Fidelidad a la Iglesia y al Evangelio<\/strong><br><em>\u00abSiervo bueno y fiel, como has sido fiel en lo poco, te confiar\u00e9 en lo mucho. Entra en el gozo de tu Se\u00f1or\u00bb<\/em>. Mateo 25,23.<br><br><strong>Amor<\/strong><br><em>\u00abEl amor es paciente, servicial y sin envidia. No quiere aparentar ni se hace el importante\u00bb<\/em>. 1 Corintios 13,4.<br><br><strong>Alegr\u00eda<\/strong><br><em>\u00abEngrandece mi alma al Se\u00f1or y mi esp\u00edritu se alegra en Dios mi salvador\u00bb<\/em>. Lucas 1,46-47.<br><br><strong>Compromiso<\/strong><br><em>\u00abSi haces votos a Dios, no tardes en cumplirlos, que no hallan favor los negligentes; lo que prometes c\u00famplelo\u00bb.<\/em> Eclesiast\u00e9s 5,3<br><br><strong>Confidencialidad<\/strong><br><em>\u00abEl hombre sin coraz\u00f3n denigra a su pr\u00f3jimo, el hombre prudente guarda silencio\u00bb.<\/em> Proverbios 11,12<br><br><strong>Gratitud<\/strong><br><em>\u00abDenle gracias y bendigan su nombre\u00bb.<\/em> Salmo 100,4.<\/p>\n\n\n\n<h2 class=\"wp-block-heading\">Equipo de apoyo en los talleres:<\/h2>\n\n\n\n<hr class=\"wp-block-separator has-alpha-channel-opacity is-style-wide\"\/>\n\n\n\n<p>Actualmente existen 7 grupos, en todos ellos se nombra un Encargado de grupo asignado por el Consejo; as\u00ed mismo cada encargado cuenta con su equipo de facilitadores elegido por el mismo Consejo, para atender a los peque\u00f1os grupos.<\/p>\n\n\n\n<h2 class=\"wp-block-heading\">Talleres y servicios<\/h2>\n\n\n\n<hr class=\"wp-block-separator has-alpha-channel-opacity is-style-wide\"\/>\n\n\n\n<div class=\"wp-block-media-text is-stacked-on-mobile is-vertically-aligned-top\"><figure class=\"wp-block-media-text__media\"><img loading=\"lazy\" decoding=\"async\" width=\"711\" height=\"703\" src=\"http:\/\/centrosoracionguadalupeint.com\/esp\/wp-content\/uploads\/2026\/04\/barcelona4.jpg\" alt=\"\" class=\"wp-image-668 size-full\" srcset=\"http:\/\/centrosoracionguadalupeint.com\/esp\/wp-content\/uploads\/2026\/04\/barcelona4.jpg 711w, http:\/\/centrosoracionguadalupeint.com\/esp\/wp-content\/uploads\/2026\/04\/barcelona4-300x297.jpg 300w, http:\/\/centrosoracionguadalupeint.com\/esp\/wp-content\/uploads\/2026\/04\/barcelona4-303x300.jpg 303w\" sizes=\"auto, (max-width: 711px) 100vw, 711px\" \/><\/figure><div class=\"wp-block-media-text__content\">\n<p>Como comunidad estamos dedicadas al servicio a nuestros semejantes y desde luego los frutos y satisfacciones que vemos a lo largo de la vida son innumerables y no tienen precio, las vidas y las familias cambian integralmente y son transformadas poco a poco a la luz de Jesucristo. La gente puede vivir una mejor vida con bases para su salud y sus relaciones personales y construir familias funcionales que tienen como su centro a Jes\u00fas el Se\u00f1or. Sobra decir que este es el mejor pago que podemos vivir como comunidad en el paso por la vida.<br>Atendemos tambi\u00e9n a sacerdotes y religiosos en su proceso de curaci\u00f3n e impartimos cursos, talleres y seminarios en donde nos solicitan.<\/p>\n<\/div><\/div>\n\n\n\n<div class=\"wp-block-columns is-layout-flex wp-container-core-columns-is-layout-9d6595d7 wp-block-columns-is-layout-flex\">\n<div class=\"wp-block-column is-layout-flow wp-block-column-is-layout-flow\">\n<ul class=\"wp-block-list\">\n<li>Codependencia <\/li>\n\n\n\n<li>Recuperaci\u00f3n de la Codependencia <\/li>\n\n\n\n<li>P\u00e9rdidas y Duelos <\/li>\n\n\n\n<li>Caminando hacia el Perd\u00f3n <\/li>\n\n\n\n<li>Sanando mi Historia <\/li>\n\n\n\n<li>Libre del Abuso <\/li>\n\n\n\n<li>Autoestima <\/li>\n\n\n\n<li>Enfoque Interior-atender mis emociones <\/li>\n\n\n\n<li>Sanando las heridas de la Vida <\/li>\n\n\n\n<li>Encontrando el Prop\u00f3sito de la vida <\/li>\n\n\n\n<li>Logoterapia, Esperanza y Sentido de Vida <\/li>\n\n\n\n<li>Relaciones Familiares <\/li>\n\n\n\n<li>Aprendiendo a pararme en mis propios pies <\/li>\n\n\n\n<li>Como tratar con gente dif\u00edcil <\/li>\n\n\n\n<li>Cuatro Pilares para el encuentro conmigo mismo <\/li>\n\n\n\n<li>Talleres sueltos de crecimiento interior <\/li>\n\n\n\n<li>Cinco pasos para comprenderme mejor <\/li>\n\n\n\n<li>El enojo como fortaleza <\/li>\n\n\n\n<li>Taller de Escucha <\/li>\n\n\n\n<li>Crecimiento Interior <\/li>\n\n\n\n<li>Orar para sanar <\/li>\n\n\n\n<li>Sanaci\u00f3n de la Autoestima desde el vientre materno <\/li>\n\n\n\n<li>Crecimiento Interior, (Impartido en tiempo de verano) <\/li>\n\n\n\n<li>Sanando mi Historia <\/li>\n\n\n\n<li>Tanatolog\u00eda I \u201cAprender a lidiar con las experiencias dif\u00edciles de la vida\u201d<\/li>\n<\/ul>\n<\/div>\n\n\n\n<div class=\"wp-block-column is-layout-flow wp-block-column-is-layout-flow\">\n<p><strong>Ministerio de Oraci\u00f3n de Sanaci\u00f3n Interior.<\/strong> Un servicio a la comunidad que se ofrece en los diferentes grupos y sea solicitado por alguno de sus miembros, a fin de acompa\u00f1ar en oraci\u00f3n a la persona por las diversas heridas que provienen desde su concepci\u00f3n, gestaci\u00f3n, nacimiento, de su primera infancia o de la adolescencia.<\/p>\n\n\n\n<p><strong>Ministerio de acompa\u00f1amiento a enfermos.<\/strong> \u201cToda enfermedad es una escuela de humildad, al hacernos sentir nuestra limitaci\u00f3n, nuestra fragilidad humana; es el momento de acudir con confianza a la infinita Misericordia de Dios.\u201d (Pbro. Juan Manuel P\u00e9rez Romero +) .<\/p>\n\n\n\n<p>Este ministerio es un apoyo tanto psico l\u00f3gico como religioso; gracias al acompa\u00f1amiento podemos orientar en c\u00f3mo vivir el proceso de su enfermedad a trav\u00e9s de la oraci\u00f3n.<\/p>\n\n\n\n<p><\/p>\n<\/div>\n<\/div>\n<\/div>\n<\/div>\n","protected":false},"excerpt":{"rendered":"<p>Centro de Oraci\u00f3n del Sagrado Coraz\u00f3n de Jes\u00fas y Mar\u00eda. Quer\u00e9taro, Qro., M\u00e9xico Directora Mari Rosi Mart\u00ednez Correo:marirosirsegon@hotmail.com+52 442 155 551+52 442 155 559+52 442 155 856WEB DIRECCI\u00d3N Club Campestre 103,Club Campestre,76190 Santiago de Quer\u00e9taro,Qro., M\u00e9xico El &hellip;<\/p>\n","protected":false},"author":1,"featured_media":0,"comment_status":"closed","ping_status":"closed","sticky":false,"template":"","format":"standard","meta":{"footnotes":""},"categories":[11],"tags":[],"class_list":["post-458","post","type-post","status-publish","format-standard","hentry","category-centros"],"_links":{"self":[{"href":"http:\/\/centrosoracionguadalupeint.com\/esp\/wp-json\/wp\/v2\/posts\/458","targetHints":{"allow":["GET"]}}],"collection":[{"href":"http:\/\/centrosoracionguadalupeint.com\/esp\/wp-json\/wp\/v2\/posts"}],"about":[{"href":"http:\/\/centrosoracionguadalupeint.com\/esp\/wp-json\/wp\/v2\/types\/post"}],"author":[{"embeddable":true,"href":"http:\/\/centrosoracionguadalupeint.com\/esp\/wp-json\/wp\/v2\/users\/1"}],"replies":[{"embeddable":true,"href":"http:\/\/centrosoracionguadalupeint.com\/esp\/wp-json\/wp\/v2\/comments?post=458"}],"version-history":[{"count":15,"href":"http:\/\/centrosoracionguadalupeint.com\/esp\/wp-json\/wp\/v2\/posts\/458\/revisions"}],"predecessor-version":[{"id":780,"href":"http:\/\/centrosoracionguadalupeint.com\/esp\/wp-json\/wp\/v2\/posts\/458\/revisions\/780"}],"wp:attachment":[{"href":"http:\/\/centrosoracionguadalupeint.com\/esp\/wp-json\/wp\/v2\/media?parent=458"}],"wp:term":[{"taxonomy":"category","embeddable":true,"href":"http:\/\/centrosoracionguadalupeint.com\/esp\/wp-json\/wp\/v2\/categories?post=458"},{"taxonomy":"post_tag","embeddable":true,"href":"http:\/\/centrosoracionguadalupeint.com\/esp\/wp-json\/wp\/v2\/tags?post=458"}],"curies":[{"name":"wp","href":"https:\/\/api.w.org\/{rel}","templated":true}]}}