{"id":460,"date":"2026-04-25T04:55:01","date_gmt":"2026-04-25T04:55:01","guid":{"rendered":"https:\/\/centrosoracionguadalupeint.com\/esp\/?p=460"},"modified":"2026-04-25T10:29:51","modified_gmt":"2026-04-25T10:29:51","slug":"sagrado-corazon-de-jesus-y-maria-2","status":"publish","type":"post","link":"http:\/\/centrosoracionguadalupeint.com\/esp\/centros\/sagrado-corazon-de-jesus-y-maria-2\/","title":{"rendered":"San Juan Pablo II."},"content":{"rendered":"\n<h2 class=\"wp-block-heading\">Centro de Oraci\u00f3n San Juan Pablo II.<\/h2>\n\n\n\n<h3 class=\"wp-block-heading\">Tampico, Tamps., M\u00e9xico<\/h3>\n\n\n\n<div class=\"wp-block-columns is-layout-flex wp-container-core-columns-is-layout-9d6595d7 wp-block-columns-is-layout-flex\">\n<div class=\"wp-block-column is-layout-flow wp-block-column-is-layout-flow\" style=\"flex-basis:25%\">\n<figure class=\"wp-block-image size-full is-resized\"><img loading=\"lazy\" decoding=\"async\" width=\"711\" height=\"703\" src=\"https:\/\/centrosoracionguadalupeint.com\/esp\/wp-content\/uploads\/2026\/04\/tampico1.jpg\" alt=\"\" class=\"wp-image-610\" style=\"width:300px\" srcset=\"http:\/\/centrosoracionguadalupeint.com\/esp\/wp-content\/uploads\/2026\/04\/tampico1.jpg 711w, http:\/\/centrosoracionguadalupeint.com\/esp\/wp-content\/uploads\/2026\/04\/tampico1-300x297.jpg 300w, http:\/\/centrosoracionguadalupeint.com\/esp\/wp-content\/uploads\/2026\/04\/tampico1-303x300.jpg 303w\" sizes=\"auto, (max-width: 711px) 100vw, 711px\" \/><\/figure>\n\n\n\n<h2 class=\"wp-block-heading\">Directora<\/h2>\n\n\n\n<figure class=\"wp-block-image size-full\"><img loading=\"lazy\" decoding=\"async\" width=\"270\" height=\"400\" src=\"http:\/\/centrosoracionguadalupeint.com\/esp\/wp-content\/uploads\/2026\/04\/miembros20.jpg\" alt=\"\" class=\"wp-image-107\" srcset=\"http:\/\/centrosoracionguadalupeint.com\/esp\/wp-content\/uploads\/2026\/04\/miembros20.jpg 270w, http:\/\/centrosoracionguadalupeint.com\/esp\/wp-content\/uploads\/2026\/04\/miembros20-203x300.jpg 203w\" sizes=\"auto, (max-width: 270px) 100vw, 270px\" \/><\/figure>\n\n\n\n<h5 class=\"wp-block-heading\">Alma Nelly Pi\u00f1eiro Llera<\/h5>\n\n\n\n<p>Correo:<br><a href=\"mailto:c.oracion.sjpII@gmail.com\">c.oracion.sjpII@gmail.com<\/a><br><a href=\"file:\/\/\/Volumes\/GAQSA\/TRABAJOS%20LORTNA\/Centro%20de%20Oracio%CC%81n\/Centros%20de%20Oracion\/tampico.html\">+52 844 277 35 39<\/a><br><a href=\"https:\/\/centrodeoracionsjp.wixsite.com\/tampico\" class=\"\"><strong>WEB<\/strong><\/a><\/p>\n\n\n\n<h4 class=\"wp-block-heading\">DIRECCI\u00d3N<\/h4>\n\n\n\n<p>Parroquia de San Pedro y San Pablo<br>Sierra Morena, 89210<br>Tampico, Tamps.,<br>M\u00e9xico<\/p>\n<\/div>\n\n\n\n<div class=\"wp-block-column is-layout-flow wp-block-column-is-layout-flow\" style=\"flex-basis:66.66%\">\n<p>El Centro de Oraci\u00f3n San Juan Pablo II nace por la necesidad de un grupo de personas de sanar tanto f\u00edsica y espiritualmente. Despu\u00e9s fue necesario compartir nuestra experiencia con muchos m\u00e1s y as\u00ed es como decidimos hacernos parte de la Sociedad de Centros de Oraci\u00f3n de Nuestra Se\u00f1ora de Guadalupe, A.C. En Junio de 2016, abrimos nuestras puertas en Tampico Tamaulipas.<\/p>\n\n\n\n<figure class=\"wp-block-image size-full is-resized\"><img loading=\"lazy\" decoding=\"async\" width=\"375\" height=\"279\" src=\"http:\/\/centrosoracionguadalupeint.com\/esp\/wp-content\/uploads\/2026\/04\/Imagen-1.png\" alt=\"\" class=\"wp-image-822\" style=\"width:540px;height:auto\" srcset=\"http:\/\/centrosoracionguadalupeint.com\/esp\/wp-content\/uploads\/2026\/04\/Imagen-1.png 375w, http:\/\/centrosoracionguadalupeint.com\/esp\/wp-content\/uploads\/2026\/04\/Imagen-1-300x223.png 300w\" sizes=\"auto, (max-width: 375px) 100vw, 375px\" \/><\/figure>\n\n\n\n<p>Nuestro trabajo de cuatro a\u00f1os atr\u00e1s nos fue capacitando para poder dar servicio y ayuda a m\u00e1s de 70 personas. Actualmente impartimos varios cursos, organizamos retiros, llevamos la comuni\u00f3n a enfermos, hemos formado comunidades de trabajo, damos apoyo y consejo espiritual y oramos por los enfermos. Todo esto con la ayuda de nuestro gu\u00eda espiritual, el Padre David Mu\u00f1iz Fortuna y de un consejo directivo.<\/p>\n\n\n\n<p>Tambi\u00e9n contamos con el apoyo de las Parroquias de San Pedro y San Pablo y de Nuestra Se\u00f1ora de Lourdes en las cuales hemos formado comunidades y utilizamos sus instalaciones.<\/p>\n\n\n\n<figure class=\"wp-block-image size-full is-resized\"><img loading=\"lazy\" decoding=\"async\" width=\"368\" height=\"275\" src=\"http:\/\/centrosoracionguadalupeint.com\/esp\/wp-content\/uploads\/2026\/04\/Imagen-2.png\" alt=\"\" class=\"wp-image-823\" style=\"width:547px;height:auto\" srcset=\"http:\/\/centrosoracionguadalupeint.com\/esp\/wp-content\/uploads\/2026\/04\/Imagen-2.png 368w, http:\/\/centrosoracionguadalupeint.com\/esp\/wp-content\/uploads\/2026\/04\/Imagen-2-300x224.png 300w\" sizes=\"auto, (max-width: 368px) 100vw, 368px\" \/><\/figure>\n\n\n\n<p>Seguiremos abriendo comunidades en los diferentes municipios del \u00e1rea conurbada de Tampico.<br><br><strong>Mesa directiva:<\/strong><br>Blanca Mac\u00edas Ar\u00e9valo<br>Leticia Mena Pi\u00f1eiro<br>Lupita Rodr\u00edguez Leyva<\/p>\n\n\n\n<figure class=\"wp-block-image size-full is-resized\"><img loading=\"lazy\" decoding=\"async\" width=\"366\" height=\"275\" src=\"http:\/\/centrosoracionguadalupeint.com\/esp\/wp-content\/uploads\/2026\/04\/Imagen-3.png\" alt=\"\" class=\"wp-image-824\" style=\"width:533px;height:auto\" srcset=\"http:\/\/centrosoracionguadalupeint.com\/esp\/wp-content\/uploads\/2026\/04\/Imagen-3.png 366w, http:\/\/centrosoracionguadalupeint.com\/esp\/wp-content\/uploads\/2026\/04\/Imagen-3-300x225.png 300w\" sizes=\"auto, (max-width: 366px) 100vw, 366px\" \/><\/figure>\n\n\n\n<h2 class=\"wp-block-heading\">MISI\u00d3N<\/h2>\n\n\n\n<hr class=\"wp-block-separator has-alpha-channel-opacity is-style-wide\"\/>\n\n\n\n<p>Prestar la ayuda necesaria a personas con necesidades espirituales, emocionales y en cualquier situaci\u00f3n en la que la presencia de Jes\u00fas marque la diferencia. Impartir cursos de crecimiento espiritual y sanaci\u00f3n interior que contribuyan a la sanaci\u00f3n del alma y a la recuperaci\u00f3n de la dignidad y autoestima cambiando la forma de vida de las personas por una m\u00e1s sana y m\u00e1s aut\u00e9ntica tomadas de la mano de Jes\u00fas.<\/p>\n\n\n\n<h2 class=\"wp-block-heading\"><\/h2>\n\n\n\n<hr class=\"wp-block-separator has-alpha-channel-opacity is-style-wide\"\/>\n\n\n\n<p>Ser un centro de oraci\u00f3n que invita a quien ha comenzado su proceso de sanaci\u00f3n y desea compartir su experiencia del amor de Dios con los dem\u00e1s a formar parte de nosotros para poder extender la ayuda a aquellos que lo necesitan formando nuevas comunidades.<\/p>\n\n\n\n<h2 class=\"wp-block-heading\">TALLERES<\/h2>\n\n\n\n<hr class=\"wp-block-separator has-alpha-channel-opacity is-style-wide\"\/>\n\n\n\n<div class=\"wp-block-media-text is-stacked-on-mobile\" style=\"grid-template-columns:40% auto\"><figure class=\"wp-block-media-text__media\"><img loading=\"lazy\" decoding=\"async\" width=\"711\" height=\"454\" src=\"http:\/\/centrosoracionguadalupeint.com\/esp\/wp-content\/uploads\/2026\/04\/barcelona8.jpg\" alt=\"\" class=\"wp-image-676 size-full\" srcset=\"http:\/\/centrosoracionguadalupeint.com\/esp\/wp-content\/uploads\/2026\/04\/barcelona8.jpg 711w, http:\/\/centrosoracionguadalupeint.com\/esp\/wp-content\/uploads\/2026\/04\/barcelona8-300x192.jpg 300w, http:\/\/centrosoracionguadalupeint.com\/esp\/wp-content\/uploads\/2026\/04\/barcelona8-470x300.jpg 470w\" sizes=\"auto, (max-width: 711px) 100vw, 711px\" \/><\/figure><div class=\"wp-block-media-text__content\">\n<h5 class=\"wp-block-heading\">CODEPENDENCIA<\/h5>\n\n\n\n<p>Somos co-dependientes cuando descubrimos que nuestra vida gira alrededor de otra persona y sentimos que no tenemos vida propia y que somos v\u00edctimas de los dem\u00e1s. Este Taller tiene por objetivo capacitarnos para elegir y entablar relaciones humanas m\u00e1s sanas.<\/p>\n<\/div><\/div>\n\n\n\n<div class=\"wp-block-media-text is-stacked-on-mobile is-vertically-aligned-top\" style=\"grid-template-columns:40% auto\"><figure class=\"wp-block-media-text__media\"><img loading=\"lazy\" decoding=\"async\" width=\"1024\" height=\"615\" src=\"http:\/\/centrosoracionguadalupeint.com\/esp\/wp-content\/uploads\/2026\/04\/austin-3-1-1024x615.jpg\" alt=\"\" class=\"wp-image-664 size-full\" srcset=\"http:\/\/centrosoracionguadalupeint.com\/esp\/wp-content\/uploads\/2026\/04\/austin-3-1-1024x615.jpg 1024w, http:\/\/centrosoracionguadalupeint.com\/esp\/wp-content\/uploads\/2026\/04\/austin-3-1-300x180.jpg 300w, http:\/\/centrosoracionguadalupeint.com\/esp\/wp-content\/uploads\/2026\/04\/austin-3-1-768x461.jpg 768w, http:\/\/centrosoracionguadalupeint.com\/esp\/wp-content\/uploads\/2026\/04\/austin-3-1-499x300.jpg 499w, http:\/\/centrosoracionguadalupeint.com\/esp\/wp-content\/uploads\/2026\/04\/austin-3-1.jpg 1170w\" sizes=\"auto, (max-width: 1024px) 100vw, 1024px\" \/><\/figure><div class=\"wp-block-media-text__content\">\n<h5 class=\"wp-block-heading\">SANACI\u00d3N INTERIOR Y CRECIMIENTO ESPIRITUAL I<\/h5>\n\n\n\n<p>Este curso tiene como objetivo reconocer y liberar a la persona de los bloqueos existentes que le impiden el crecimiento espiritual y el verdadero gozo de la vida.<br>Est\u00e1 dirigido a personas interesadas en la sanaci\u00f3n integral, tanto psicol\u00f3gica como espiritual, a trav\u00e9s de la espiritualidad Ignaciana.<br>Se pretende entrar en contacto y experimentar a Jes\u00fas en la contemplaci\u00f3n para establecer a Cristo como el centro de la propia vida y as\u00ed comprometerse con \u00c9l en una uni\u00f3n \u00edntima para estar capacitados para ofrecer un servicio desinteresado a los dem\u00e1s. Tambi\u00e9n est\u00e1 dirigido a sacerdotes, religiosos y religiosas, laicos comprometidos, centros de oraci\u00f3n, desarrollo comunitario, y a toda persona que desee tener una relaci\u00f3n m\u00e1s \u00edntima con Dios.<\/p>\n<\/div><\/div>\n\n\n\n<div class=\"wp-block-media-text is-stacked-on-mobile\" style=\"grid-template-columns:40% auto\"><figure class=\"wp-block-media-text__media\"><img loading=\"lazy\" decoding=\"async\" width=\"711\" height=\"703\" src=\"https:\/\/centrosoracionguadalupeint.com\/esp\/wp-content\/uploads\/2026\/04\/tampico4.jpg\" alt=\"\" class=\"wp-image-786 size-full\" srcset=\"http:\/\/centrosoracionguadalupeint.com\/esp\/wp-content\/uploads\/2026\/04\/tampico4.jpg 711w, http:\/\/centrosoracionguadalupeint.com\/esp\/wp-content\/uploads\/2026\/04\/tampico4-300x297.jpg 300w, http:\/\/centrosoracionguadalupeint.com\/esp\/wp-content\/uploads\/2026\/04\/tampico4-303x300.jpg 303w\" sizes=\"auto, (max-width: 711px) 100vw, 711px\" \/><\/figure><div class=\"wp-block-media-text__content\">\n<h5 class=\"wp-block-heading\">SANACI\u00d3N INTERIOR Y CRECIMIENTO ESPIRITUAL II<\/h5>\n\n\n\n<p>Ofrece una formaci\u00f3n espec\u00edfica para los que desean especializarse en el Servicio de Sanaci\u00f3n Interior en esta comunidad y ofrecen su compromiso temporal o permanente.<\/p>\n\n\n\n<p><\/p>\n<\/div><\/div>\n\n\n\n<div class=\"wp-block-media-text is-stacked-on-mobile\" style=\"grid-template-columns:40% auto\"><figure class=\"wp-block-media-text__media\"><img loading=\"lazy\" decoding=\"async\" width=\"711\" height=\"703\" src=\"http:\/\/centrosoracionguadalupeint.com\/esp\/wp-content\/uploads\/2026\/04\/mexico9.jpg\" alt=\"\" class=\"wp-image-715 size-full\" srcset=\"http:\/\/centrosoracionguadalupeint.com\/esp\/wp-content\/uploads\/2026\/04\/mexico9.jpg 711w, http:\/\/centrosoracionguadalupeint.com\/esp\/wp-content\/uploads\/2026\/04\/mexico9-300x297.jpg 300w, http:\/\/centrosoracionguadalupeint.com\/esp\/wp-content\/uploads\/2026\/04\/mexico9-303x300.jpg 303w\" sizes=\"auto, (max-width: 711px) 100vw, 711px\" \/><\/figure><div class=\"wp-block-media-text__content\">\n<h5 class=\"wp-block-heading\"><strong>AUTOESTIMA<\/strong><\/h5>\n\n\n\n<p>Una baja autoestima nos impide desarrollar nuestro potencial humano, y provoca que vivamos relaciones no saludables con nosotros mismos y con los demas.<\/p>\n\n\n\n<p>Este taller nos ayuda a conocernos mejor y hacer conciencia de nuestro valor como persona<br><\/p>\n<\/div><\/div>\n\n\n\n<div class=\"wp-block-media-text is-stacked-on-mobile\" style=\"grid-template-columns:40% auto\"><figure class=\"wp-block-media-text__media\"><img loading=\"lazy\" decoding=\"async\" width=\"711\" height=\"703\" src=\"http:\/\/centrosoracionguadalupeint.com\/esp\/wp-content\/uploads\/2026\/04\/chihuahua3.jpg\" alt=\"\" class=\"wp-image-694 size-full\" srcset=\"http:\/\/centrosoracionguadalupeint.com\/esp\/wp-content\/uploads\/2026\/04\/chihuahua3.jpg 711w, http:\/\/centrosoracionguadalupeint.com\/esp\/wp-content\/uploads\/2026\/04\/chihuahua3-300x297.jpg 300w, http:\/\/centrosoracionguadalupeint.com\/esp\/wp-content\/uploads\/2026\/04\/chihuahua3-303x300.jpg 303w\" sizes=\"auto, (max-width: 711px) 100vw, 711px\" \/><\/figure><div class=\"wp-block-media-text__content\">\n<h5 class=\"wp-block-heading\"><strong><strong><strong>SANANDO M\u00cd HISTORIA<\/strong><\/strong><\/strong><\/h5>\n\n\n\n<p>En este taller revisamos las ocho etapas del desarrollo que describe Erik Erikson de la persona sana e integrada, donde podemos ver la virtud que se obtiene en cada etapa y as\u00ed saber cuales son nuestras carencias.<\/p>\n\n\n\n<p>Descubrir lo que no obtuvimos antes por las razones que hayan sido, para ahora poder obtenerlas, pues nunca es tarde, obtener todo lo que no tuvimos y as\u00ed ayudar a nuestro ni\u00f1o interior a crecer y sanar<br><\/p>\n<\/div><\/div>\n\n\n\n<div class=\"wp-block-media-text is-stacked-on-mobile\" style=\"grid-template-columns:40% auto\"><figure class=\"wp-block-media-text__media\"><img loading=\"lazy\" decoding=\"async\" width=\"711\" height=\"703\" src=\"http:\/\/centrosoracionguadalupeint.com\/esp\/wp-content\/uploads\/2026\/04\/mexico11.jpg\" alt=\"\" class=\"wp-image-718 size-full\" srcset=\"http:\/\/centrosoracionguadalupeint.com\/esp\/wp-content\/uploads\/2026\/04\/mexico11.jpg 711w, http:\/\/centrosoracionguadalupeint.com\/esp\/wp-content\/uploads\/2026\/04\/mexico11-300x297.jpg 300w, http:\/\/centrosoracionguadalupeint.com\/esp\/wp-content\/uploads\/2026\/04\/mexico11-303x300.jpg 303w\" sizes=\"auto, (max-width: 711px) 100vw, 711px\" \/><\/figure><div class=\"wp-block-media-text__content\">\n<h5 class=\"wp-block-heading\"><strong><strong><strong>SANANDO M\u00cd <strong>SANANDO LAS RELACIONES FAMILIARES: MADRE, PADRE, HERMANOS<\/strong><\/strong><\/strong><\/strong><\/h5>\n\n\n\n<p>Este taller es una ayuda para hacernos conscientes de la calidad de nuestras relaciones a trav\u00e9s de nuestras vidas con papa, mama, y hermanos. Conocer como todo esto ha sido parte de c\u00f3mo se formo nuestra personalidad, y de la importancia, as\u00ed como la necesidad de trabajar en un proceso de perd\u00f3n profundo, y as\u00ed poder ser libre de resentimientos, que son una amenaza para vivir plenamente nuestra vida.<br><\/p>\n<\/div><\/div>\n\n\n\n<div class=\"wp-block-media-text is-stacked-on-mobile\" style=\"grid-template-columns:40% auto\"><figure class=\"wp-block-media-text__media\"><img loading=\"lazy\" decoding=\"async\" width=\"711\" height=\"402\" src=\"http:\/\/centrosoracionguadalupeint.com\/esp\/wp-content\/uploads\/2026\/04\/barcelona3.jpg\" alt=\"\" class=\"wp-image-665 size-full\" srcset=\"http:\/\/centrosoracionguadalupeint.com\/esp\/wp-content\/uploads\/2026\/04\/barcelona3.jpg 711w, http:\/\/centrosoracionguadalupeint.com\/esp\/wp-content\/uploads\/2026\/04\/barcelona3-300x170.jpg 300w, http:\/\/centrosoracionguadalupeint.com\/esp\/wp-content\/uploads\/2026\/04\/barcelona3-531x300.jpg 531w\" sizes=\"auto, (max-width: 711px) 100vw, 711px\" \/><\/figure><div class=\"wp-block-media-text__content\">\n<h5 class=\"wp-block-heading\"><strong><strong><strong><strong>DE LA DEPRESION A LA ESPERANZA<\/strong><\/strong><\/strong><\/strong><\/h5>\n\n\n\n<p>Nos lleva poco a poco a sanar y salir del dolor y la depresi\u00f3n, sanando as\u00ed poder descubrir que el ser humano vive para ser libre y feliz, pues la depresi\u00f3n nos impide ver lo maravilloso y bueno que tiene la vida, saliendo de nosotros mismos para disfrutar lo que esta enfermedad nos ha arrebatado.<br><\/p>\n<\/div><\/div>\n\n\n\n<div class=\"wp-block-media-text is-stacked-on-mobile\" style=\"grid-template-columns:40% auto\"><figure class=\"wp-block-media-text__media\"><img loading=\"lazy\" decoding=\"async\" width=\"711\" height=\"381\" src=\"http:\/\/centrosoracionguadalupeint.com\/esp\/wp-content\/uploads\/2026\/04\/monterrey4.jpg\" alt=\"\" class=\"wp-image-769 size-full\" srcset=\"http:\/\/centrosoracionguadalupeint.com\/esp\/wp-content\/uploads\/2026\/04\/monterrey4.jpg 711w, http:\/\/centrosoracionguadalupeint.com\/esp\/wp-content\/uploads\/2026\/04\/monterrey4-300x161.jpg 300w, http:\/\/centrosoracionguadalupeint.com\/esp\/wp-content\/uploads\/2026\/04\/monterrey4-560x300.jpg 560w\" sizes=\"auto, (max-width: 711px) 100vw, 711px\" \/><\/figure><div class=\"wp-block-media-text__content\">\n<h5 class=\"wp-block-heading\"><strong><strong><strong><strong><strong>ORAR PARA SANAR<\/strong><\/strong><\/strong><\/strong><\/strong><\/h5>\n\n\n\n<p>Con este curso tendremos oportunidad de conocer y aprender el poder que tiene la oraci\u00f3n en la sanaci\u00f3n interior. Al aprender a orar sanaremos las heridas de nuestra vida y que hoy nos repercuten en nuestras relaciones y en nosotros mismos. Estas heridas son parte de nuestra historia, de ahi la importancia de poder tocarlas con Jesus y su amor sanador<br><\/p>\n<\/div><\/div>\n\n\n\n<div class=\"wp-block-media-text is-stacked-on-mobile\" style=\"grid-template-columns:40% auto\"><figure class=\"wp-block-media-text__media\"><img loading=\"lazy\" decoding=\"async\" width=\"711\" height=\"703\" src=\"http:\/\/centrosoracionguadalupeint.com\/esp\/wp-content\/uploads\/2026\/04\/mexico12.jpg\" alt=\"\" class=\"wp-image-719 size-full\" srcset=\"http:\/\/centrosoracionguadalupeint.com\/esp\/wp-content\/uploads\/2026\/04\/mexico12.jpg 711w, http:\/\/centrosoracionguadalupeint.com\/esp\/wp-content\/uploads\/2026\/04\/mexico12-300x297.jpg 300w, http:\/\/centrosoracionguadalupeint.com\/esp\/wp-content\/uploads\/2026\/04\/mexico12-303x300.jpg 303w\" sizes=\"auto, (max-width: 711px) 100vw, 711px\" \/><\/figure><div class=\"wp-block-media-text__content\">\n<h5 class=\"wp-block-heading\"><strong><strong><strong><strong><strong><strong>SANANDO LAS HERIDAS DEL DIVORCIO<\/strong><\/strong><\/strong><\/strong><\/strong><\/strong><\/h5>\n\n\n\n<p>En este taller conoceremos la historia que llevo a la separaci\u00f3n, divorcio o abandono y las heridas emocionales y espirituales que dejo este acontecimiento en la persona y todo su entorno familiar as\u00ed mismo el temor a entablar nuevas relaciones por no ser lastimada o lastimado de nuevo. Aprendiendo que necesitan sanar para que la persona pueda disfrutar de la vida ante esta situaci\u00f3n.<br><\/p>\n<\/div><\/div>\n<\/div>\n<\/div>\n","protected":false},"excerpt":{"rendered":"<p>Centro de Oraci\u00f3n San Juan Pablo II. Tampico, Tamps., M\u00e9xico Directora Alma Nelly Pi\u00f1eiro Llera Correo:c.oracion.sjpII@gmail.com+52 844 277 35 39WEB DIRECCI\u00d3N Parroquia de San Pedro y San PabloSierra Morena, 89210Tampico, Tamps.,M\u00e9xico El Centro de Oraci\u00f3n San Juan &hellip;<\/p>\n","protected":false},"author":1,"featured_media":0,"comment_status":"closed","ping_status":"closed","sticky":false,"template":"","format":"standard","meta":{"footnotes":""},"categories":[11],"tags":[],"class_list":["post-460","post","type-post","status-publish","format-standard","hentry","category-centros"],"_links":{"self":[{"href":"http:\/\/centrosoracionguadalupeint.com\/esp\/wp-json\/wp\/v2\/posts\/460","targetHints":{"allow":["GET"]}}],"collection":[{"href":"http:\/\/centrosoracionguadalupeint.com\/esp\/wp-json\/wp\/v2\/posts"}],"about":[{"href":"http:\/\/centrosoracionguadalupeint.com\/esp\/wp-json\/wp\/v2\/types\/post"}],"author":[{"embeddable":true,"href":"http:\/\/centrosoracionguadalupeint.com\/esp\/wp-json\/wp\/v2\/users\/1"}],"replies":[{"embeddable":true,"href":"http:\/\/centrosoracionguadalupeint.com\/esp\/wp-json\/wp\/v2\/comments?post=460"}],"version-history":[{"count":24,"href":"http:\/\/centrosoracionguadalupeint.com\/esp\/wp-json\/wp\/v2\/posts\/460\/revisions"}],"predecessor-version":[{"id":836,"href":"http:\/\/centrosoracionguadalupeint.com\/esp\/wp-json\/wp\/v2\/posts\/460\/revisions\/836"}],"wp:attachment":[{"href":"http:\/\/centrosoracionguadalupeint.com\/esp\/wp-json\/wp\/v2\/media?parent=460"}],"wp:term":[{"taxonomy":"category","embeddable":true,"href":"http:\/\/centrosoracionguadalupeint.com\/esp\/wp-json\/wp\/v2\/categories?post=460"},{"taxonomy":"post_tag","embeddable":true,"href":"http:\/\/centrosoracionguadalupeint.com\/esp\/wp-json\/wp\/v2\/tags?post=460"}],"curies":[{"name":"wp","href":"https:\/\/api.w.org\/{rel}","templated":true}]}}