{"id":462,"date":"2026-04-25T04:56:04","date_gmt":"2026-04-25T04:56:04","guid":{"rendered":"https:\/\/centrosoracionguadalupeint.com\/esp\/?p=462"},"modified":"2026-04-25T09:39:12","modified_gmt":"2026-04-25T09:39:12","slug":"casa-de-nazaret","status":"publish","type":"post","link":"http:\/\/centrosoracionguadalupeint.com\/esp\/centros\/casa-de-nazaret\/","title":{"rendered":"Casa de Nazaret."},"content":{"rendered":"\n<h2 class=\"wp-block-heading\">Centro de Oraci\u00f3n Casa de Nazaret. <\/h2>\n\n\n\n<h3 class=\"wp-block-heading\">Torre\u00f3n, Coah., M\u00e9xico.<\/h3>\n\n\n\n<div class=\"wp-block-columns is-layout-flex wp-container-core-columns-is-layout-9d6595d7 wp-block-columns-is-layout-flex\">\n<div class=\"wp-block-column is-layout-flow wp-block-column-is-layout-flow\" style=\"flex-basis:25%\">\n<figure class=\"wp-block-image size-full is-resized\"><img loading=\"lazy\" decoding=\"async\" width=\"711\" height=\"703\" src=\"http:\/\/centrosoracionguadalupeint.com\/esp\/wp-content\/uploads\/2026\/04\/torreon1.jpg\" alt=\"\" class=\"wp-image-617\" style=\"width:300px\" srcset=\"http:\/\/centrosoracionguadalupeint.com\/esp\/wp-content\/uploads\/2026\/04\/torreon1.jpg 711w, http:\/\/centrosoracionguadalupeint.com\/esp\/wp-content\/uploads\/2026\/04\/torreon1-300x297.jpg 300w, http:\/\/centrosoracionguadalupeint.com\/esp\/wp-content\/uploads\/2026\/04\/torreon1-303x300.jpg 303w\" sizes=\"auto, (max-width: 711px) 100vw, 711px\" \/><\/figure>\n\n\n\n<h2 class=\"wp-block-heading\">Directora<\/h2>\n\n\n\n<figure class=\"wp-block-image size-full\"><img loading=\"lazy\" decoding=\"async\" width=\"270\" height=\"400\" src=\"http:\/\/centrosoracionguadalupeint.com\/esp\/wp-content\/uploads\/2026\/04\/miembros21.jpg\" alt=\"\" class=\"wp-image-108\" srcset=\"http:\/\/centrosoracionguadalupeint.com\/esp\/wp-content\/uploads\/2026\/04\/miembros21.jpg 270w, http:\/\/centrosoracionguadalupeint.com\/esp\/wp-content\/uploads\/2026\/04\/miembros21-203x300.jpg 203w\" sizes=\"auto, (max-width: 270px) 100vw, 270px\" \/><\/figure>\n\n\n\n<h5 class=\"wp-block-heading\">Mar\u00eda del Roc\u00edo S\u00e1nchez<\/h5>\n\n\n\n<p>Correo:<br><a href=\"mailto:maro_taje@hotmail.com\">maro_taje@hotmail.com<\/a><br><a href=\"file:\/\/\/Volumes\/GAQSA\/TRABAJOS%20LORTNA\/Centro%20de%20Oracio%CC%81n\/Centros%20de%20Oracion\/torreon.html\">+52 871 713 00 33<\/a><\/p>\n\n\n\n<h4 class=\"wp-block-heading\">DIRECCI\u00d3N<\/h4>\n\n\n\n<p>Parroquia de San Jos\u00e9<br>Ni\u00f1os Heroes 290,<br>Tercero de Cobi\u00e1n Centro,<br>27000 Torre\u00f3n,<br>Coah., M\u00e9xico<\/p>\n<\/div>\n\n\n\n<div class=\"wp-block-column is-layout-flow wp-block-column-is-layout-flow\" style=\"flex-basis:66.66%\">\n<p>Cada llamada de Dios es un misterio, en la que invita a engrandecer la confianza en \u00c9l como instrumentos colaboradores del Reino.<\/p>\n\n\n\n<p>Nuestro Centro de oraci\u00f3n inici\u00f3 con una breve llamada de Mari Rosi Rodr\u00edguez de Mart\u00ednez invitando a una servidora a compartir el taller de Codependencia en Torre\u00f3n, Coah. en Septiembre de 2010.<\/p>\n\n\n\n<p>La propuesta llev\u00f3 unos meses de discernimiento con el P. Luis Salas Herrera. Seis meses despu\u00e9s comenzamos a dar Codependencia en la Parroquia de Todos los Santos con el apoyo del Padre V\u00edctor Manuel G\u00f3mez (abril de 2011). Hab\u00eda experimentado una recuperaci\u00f3n emocional y espiritual en los Centros de Oraci\u00f3n de Quer\u00e9taro (Sagrado Coraz\u00f3n de Jes\u00fas y de Mar\u00eda) y M\u00e9xico (Sagrado Coraz\u00f3n) y deseaba compartirla a quienes as\u00ed lo desearan.<\/p>\n\n\n\n<p>M\u00e1s tarde se promovi\u00f3 el taller en diferentes parroquias de la Di\u00f3cesis como \u201cMilagro de Cann\u00e1\u201d y Catedral de \u201cNuestra Se\u00f1ora del Carmen\u201d, dirigidas por los Sacerdotes Rogelio Bautista y Gerardo Zatarain Garc\u00eda. En cada lugar era aceptado el peque\u00f1o proyecto y parec\u00eda dar resultados inimaginables, cosa que me motivaba sobremanera.<\/p>\n\n\n\n<p>La Escuela de Crecimiento Espiritual y Sanaci\u00f3n Interior (Wheeler 1) se comenz\u00f3 a impartir en agosto de 2012 con autorizaci\u00f3n y apoyo de Gloria Guerra Montemayor, directora del Centro de oraci\u00f3n de M\u00e9xico. Los \u00e1nimos de continuar trabajando nuestras historias personales daban pi\u00e9 a desear una experiencia de sanaci\u00f3n m\u00e1s profunda.<\/p>\n\n\n\n<p>Actualmente somos un equipo de 6 personas que, terminando el programa Wheeler 1, hemos querido responder al llamado que Dios nos hace con libertad y conscientes de nuestra flaqueza. Nuestro director Espiritual de \u201cCASA DE NAZARET\u201d es el P. Gerardo Zatarain Garc\u00eda y Monse\u00f1or Jos\u00e9 Guadalupe Galv\u00e1n Galindo,hoy en d\u00eda Obispo Em\u00e9rito de Torre\u00f3n, quien en su momento, otorg\u00f3 su autorizaci\u00f3n para colaborar en la Di\u00f3cesis, cosa que nos ha puesto alegres y certeros de la voluntad de Dios.<\/p>\n\n\n\n<h2 class=\"wp-block-heading\">MISI\u00d3N<\/h2>\n\n\n\n<hr class=\"wp-block-separator has-alpha-channel-opacity is-style-wide\"\/>\n\n\n\n<p>Acompa\u00f1ar a nuestros hermanos y hermanas en el reencuentro de su Fe, Esperanza y Amor mediante la experiencia de ir reconociendo el paso de Dios en su historia personal.<\/p>\n\n\n\n<h2 class=\"wp-block-heading\">TALLERES Y SERVICIOS<\/h2>\n\n\n\n<hr class=\"wp-block-separator has-alpha-channel-opacity is-style-wide\"\/>\n\n\n\n<div class=\"wp-block-media-text is-stacked-on-mobile is-vertically-aligned-top\" style=\"grid-template-columns:40% auto\"><figure class=\"wp-block-media-text__media\"><img loading=\"lazy\" decoding=\"async\" width=\"711\" height=\"454\" src=\"http:\/\/centrosoracionguadalupeint.com\/esp\/wp-content\/uploads\/2026\/04\/barcelona8.jpg\" alt=\"\" class=\"wp-image-676 size-full\" srcset=\"http:\/\/centrosoracionguadalupeint.com\/esp\/wp-content\/uploads\/2026\/04\/barcelona8.jpg 711w, http:\/\/centrosoracionguadalupeint.com\/esp\/wp-content\/uploads\/2026\/04\/barcelona8-300x192.jpg 300w, http:\/\/centrosoracionguadalupeint.com\/esp\/wp-content\/uploads\/2026\/04\/barcelona8-470x300.jpg 470w\" sizes=\"auto, (max-width: 711px) 100vw, 711px\" \/><\/figure><div class=\"wp-block-media-text__content\">\n<h5 class=\"wp-block-heading\">CODEPENDENCIA 1<\/h5>\n\n\n\n<p>Somos co-dependientes cuando descubrimos que nuestra vida gira alrededor de otra persona y sentimos que no tenemos vida propia y que somos v\u00edctimas de los dem\u00e1s. El taller tiene por objetivo capacitarnos para elegir y entablar relaciones humanas m\u00e1s sanas.<\/p>\n<\/div><\/div>\n\n\n\n<div class=\"wp-block-media-text is-stacked-on-mobile is-vertically-aligned-top\" style=\"grid-template-columns:40% auto\"><figure class=\"wp-block-media-text__media\"><img loading=\"lazy\" decoding=\"async\" width=\"711\" height=\"703\" src=\"http:\/\/centrosoracionguadalupeint.com\/esp\/wp-content\/uploads\/2026\/04\/mexico14.jpg\" alt=\"\" class=\"wp-image-721 size-full\" srcset=\"http:\/\/centrosoracionguadalupeint.com\/esp\/wp-content\/uploads\/2026\/04\/mexico14.jpg 711w, http:\/\/centrosoracionguadalupeint.com\/esp\/wp-content\/uploads\/2026\/04\/mexico14-300x297.jpg 300w, http:\/\/centrosoracionguadalupeint.com\/esp\/wp-content\/uploads\/2026\/04\/mexico14-303x300.jpg 303w\" sizes=\"auto, (max-width: 711px) 100vw, 711px\" \/><\/figure><div class=\"wp-block-media-text__content\">\n<h5 class=\"wp-block-heading\">CODEPENDENCIA 2<\/h5>\n\n\n\n<p>Tras haber iniciado con un proceso de recuperaci\u00f3n personal, el objetivo de este taller es abordar con mayor profundidad, los temas del abuso, los l\u00edmites, el manejo del dinero y la usurpaci\u00f3n de roles. Nos ofrece herramientas concretas para dirigir nuestros pasos hacia la sanaci\u00f3n.<\/p>\n<\/div><\/div>\n\n\n\n<div class=\"wp-block-media-text is-stacked-on-mobile is-vertically-aligned-top\" style=\"grid-template-columns:40% auto\"><figure class=\"wp-block-media-text__media\"><img loading=\"lazy\" decoding=\"async\" width=\"711\" height=\"703\" src=\"http:\/\/centrosoracionguadalupeint.com\/esp\/wp-content\/uploads\/2026\/04\/chihuahua10.jpg\" alt=\"\" class=\"wp-image-670 size-full\" srcset=\"http:\/\/centrosoracionguadalupeint.com\/esp\/wp-content\/uploads\/2026\/04\/chihuahua10.jpg 711w, http:\/\/centrosoracionguadalupeint.com\/esp\/wp-content\/uploads\/2026\/04\/chihuahua10-300x297.jpg 300w, http:\/\/centrosoracionguadalupeint.com\/esp\/wp-content\/uploads\/2026\/04\/chihuahua10-303x300.jpg 303w\" sizes=\"auto, (max-width: 711px) 100vw, 711px\" \/><\/figure><div class=\"wp-block-media-text__content\">\n<h5 class=\"wp-block-heading\">SANANDO MIS HERIDAS<\/h5>\n\n\n\n<p>El curso de oraci\u00f3n \u00absanando mis heridas\u00bb nos brinda la oportunidad de aprender a orar y conocer el poder maravilloso que tiene la oraci\u00f3n en la sanaci\u00f3n interior. El prop\u00f3sito es poder sanar las diferentes heridas que nos han marcado en nuestra vida y que repercuten en nuestra persona y en nuestras relaciones. Estas heridas tienen que ver con nuestra historia, de ah\u00ed que sea importante poder tocarlas con el amor sanador de Jes\u00fas. La \u00fanica manera de poder lidiar con tanto dolor es a trav\u00e9s de la presencia de Jes\u00fas y de la ayuda tan valiosa de la oraci\u00f3n.<br>La gracia de Dios te los va a ir revelando poco a poco, adem\u00e1s de acompa\u00f1arte en este proceso. Tendr\u00e1s la oportunidad de ver Su rostro y sentir Su presencia y magnificencia en ti. Habr\u00e1 momentos donde podr\u00e1s conocerlo y expresarle todos tus sentimientos con respecto a \u00c9l o a la vida que has vivido, dando por resultado a trav\u00e9s de todo esto una relaci\u00f3n sana entre Dios y t\u00fa.<\/p>\n<\/div><\/div>\n\n\n\n<div class=\"wp-block-media-text is-stacked-on-mobile is-vertically-aligned-top\" style=\"grid-template-columns:40% auto\"><figure class=\"wp-block-media-text__media\"><img loading=\"lazy\" decoding=\"async\" width=\"1024\" height=\"615\" src=\"http:\/\/centrosoracionguadalupeint.com\/esp\/wp-content\/uploads\/2026\/04\/austin-3-1-1024x615.jpg\" alt=\"\" class=\"wp-image-664 size-full\" srcset=\"http:\/\/centrosoracionguadalupeint.com\/esp\/wp-content\/uploads\/2026\/04\/austin-3-1-1024x615.jpg 1024w, http:\/\/centrosoracionguadalupeint.com\/esp\/wp-content\/uploads\/2026\/04\/austin-3-1-300x180.jpg 300w, http:\/\/centrosoracionguadalupeint.com\/esp\/wp-content\/uploads\/2026\/04\/austin-3-1-768x461.jpg 768w, http:\/\/centrosoracionguadalupeint.com\/esp\/wp-content\/uploads\/2026\/04\/austin-3-1-499x300.jpg 499w, http:\/\/centrosoracionguadalupeint.com\/esp\/wp-content\/uploads\/2026\/04\/austin-3-1.jpg 1170w\" sizes=\"auto, (max-width: 1024px) 100vw, 1024px\" \/><\/figure><div class=\"wp-block-media-text__content\">\n<h5 class=\"wp-block-heading\">WHEELER 1<\/h5>\n\n\n\n<p>El objetivo es que la persona se reconozca como un ser valioso, \u00fanico e irrepetible a trav\u00e9s del trabajo en la propia autoestima.<\/p>\n<\/div><\/div>\n<\/div>\n<\/div>\n","protected":false},"excerpt":{"rendered":"<p>Centro de Oraci\u00f3n Casa de Nazaret. Torre\u00f3n, Coah., M\u00e9xico. Directora Mar\u00eda del Roc\u00edo S\u00e1nchez Correo:maro_taje@hotmail.com+52 871 713 00 33 DIRECCI\u00d3N Parroquia de San Jos\u00e9Ni\u00f1os Heroes 290,Tercero de Cobi\u00e1n Centro,27000 Torre\u00f3n,Coah., M\u00e9xico Cada llamada de Dios es un &hellip;<\/p>\n","protected":false},"author":1,"featured_media":0,"comment_status":"closed","ping_status":"closed","sticky":false,"template":"","format":"standard","meta":{"footnotes":""},"categories":[11],"tags":[],"class_list":["post-462","post","type-post","status-publish","format-standard","hentry","category-centros"],"_links":{"self":[{"href":"http:\/\/centrosoracionguadalupeint.com\/esp\/wp-json\/wp\/v2\/posts\/462","targetHints":{"allow":["GET"]}}],"collection":[{"href":"http:\/\/centrosoracionguadalupeint.com\/esp\/wp-json\/wp\/v2\/posts"}],"about":[{"href":"http:\/\/centrosoracionguadalupeint.com\/esp\/wp-json\/wp\/v2\/types\/post"}],"author":[{"embeddable":true,"href":"http:\/\/centrosoracionguadalupeint.com\/esp\/wp-json\/wp\/v2\/users\/1"}],"replies":[{"embeddable":true,"href":"http:\/\/centrosoracionguadalupeint.com\/esp\/wp-json\/wp\/v2\/comments?post=462"}],"version-history":[{"count":12,"href":"http:\/\/centrosoracionguadalupeint.com\/esp\/wp-json\/wp\/v2\/posts\/462\/revisions"}],"predecessor-version":[{"id":792,"href":"http:\/\/centrosoracionguadalupeint.com\/esp\/wp-json\/wp\/v2\/posts\/462\/revisions\/792"}],"wp:attachment":[{"href":"http:\/\/centrosoracionguadalupeint.com\/esp\/wp-json\/wp\/v2\/media?parent=462"}],"wp:term":[{"taxonomy":"category","embeddable":true,"href":"http:\/\/centrosoracionguadalupeint.com\/esp\/wp-json\/wp\/v2\/categories?post=462"},{"taxonomy":"post_tag","embeddable":true,"href":"http:\/\/centrosoracionguadalupeint.com\/esp\/wp-json\/wp\/v2\/tags?post=462"}],"curies":[{"name":"wp","href":"https:\/\/api.w.org\/{rel}","templated":true}]}}